{"id":883,"date":"2020-03-29T12:59:23","date_gmt":"2020-03-29T12:59:23","guid":{"rendered":"https:\/\/www.creditinitiative.eu\/?p=883"},"modified":"2020-03-29T12:59:27","modified_gmt":"2020-03-29T12:59:27","slug":"erstes-economy-for-future-treffen-in-wien","status":"publish","type":"post","link":"https:\/\/www.creditinitiative.eu\/en\/2020\/03\/29\/erstes-economy-for-future-treffen-in-wien\/","title":{"rendered":"Erstes &#8220;Economy For Future&#8221;-Treffen in Wien"},"content":{"rendered":"\n[et_pb_section fb_built=&#8221;1&#8243; _builder_version=&#8221;3.28&#8243;][et_pb_row _builder_version=&#8221;3.28&#8243;][et_pb_column _builder_version=&#8221;3.28&#8243; type=&#8221;4_4&#8243;][et_pb_text _builder_version=&#8221;3.28&#8243; hover_enabled=&#8221;0&#8243;]<div class=\"header\">\n<p><span class=\"news-list-date\"><time itemprop=\"datePublished\" datetime=\"2020-02-04\">02\/04\/2020<\/time><\/span><\/p>\n<h2 itemprop=\"headline\">Erstes &#8220;Economy For Future&#8221;-Treffen in Wien<\/h2>\n<\/div>\n<div class=\"news-img-wrap\">\n<div class=\"outer\">\n<div class=\"mediaelement mediaelement-image\"><img loading=\"lazy\" decoding=\"async\" itemprop=\"image\" src=\"https:\/\/www.kreditinitiative.de\/fileadmin\/_processed_\/1\/e\/csm_2020-02-04_Economy_For_Future_14b2af1bd0.jpg\" alt=\"\" width=\"599\" height=\"600\" \/><\/div>\n<\/div>\n<\/div>\n<div class=\"news-text-wrap\" itemprop=\"articleBody\">\n<p>Beim &#8220;Economy For Future&#8221;-Treffen am 31. Januar 2020 in Wien haben sich ca. 50 engagierte Menschen von verschiedenen Initiativen \u00fcber eine zukunftsf\u00e4hige \u00f6kologische und soziale Wirtschaft ausgetauscht.<\/p>\n<p>Von Charlie Rutz<\/p>\n<p>Im Jahr 2019 hat die &#8220;Fridays For Future&#8221;-Bewegung allen nicht ganz unzug\u00e4nglichen Menschen die Dramatik unserer gegenw\u00e4rtigen \u00f6kologischen Situation ins Bewusstsein gerufen. Immer mehr Menschen ist klar: Ein umfassender Wandel ist unumg\u00e4nglich. Dabei sind es vor allem die Prinzipien und Kr\u00e4fte unserer herrschenden Wirtschaft, die die Krise herbeigef\u00fchrt haben und die auch den Wandel aufhalten oder gar blockieren.\u00a0<\/p>\n<p>Und sollte es nicht doch eigentlich selbstverst\u00e4ndlich sein: Eine Wirtschaft, die nicht sozial und \u00f6kologisch ist, ist Misswirtschaft!<\/p>\n<p>Es gibt verschiedene Initiativen, die sich f\u00fcr eine zukunftsf\u00e4hige Wirtschaft einsetzen, die gut ist f\u00fcr Mensch, Tier und Natur. Dabei gibt es zum Teil unterschiedliche Ans\u00e4tze und L\u00f6sungsvorschl\u00e4ge &#8211; doch wir von der Europ\u00e4ischen Kreditinitiative und dem OMNIBUS sind zu der Erkenntnis gelangt, dass es notwendig ist, sich gegenseitig besser wahrzunehmen und zu vernetzen, um die gemeinsamen Kr\u00e4fte zu b\u00fcndeln. Daher hatten wir f\u00fcr den 31. Januar 2020 zu einem ersten &#8220;Economy For Future&#8221;-Treffen nach Wien geladen, um uns mit Gleichgesinnten \u00fcber verschiedene Fragen auszutauschen:\u00a0Was sind die Ideen einer verantwortungsvollen Wirtschaftswissenschaft? Was k\u00f6nnen nachhaltig wirtschaftende Unternehmen zum Wandel beitragen? Welche politischen Initiativen gibt es, die neue Zukunfts-Ans\u00e4tze f\u00fcr die Wirtschaft ins Auge fassen?<\/p>\n<h3><a href=\"https:\/\/flickr.com\/photos\/volksabstimmung\/albums\/72157712954979401\" target=\"_blank\" rel=\"noopener noreferrer\">Hier klicken, um Fotos von der Veranstaltung anzuschauen&#8230;<\/a><br \/>\u00a0<\/h3>\n<p>Es wurde angeregt, einen\u00a0Appell zu formulieren und einen gemeinsamen\u00a0Hashtag (<a href=\"https:\/\/twitter.com\/search?q=%23EconomyForFuture&amp;src=typed_query&amp;f=live\" target=\"_blank\" rel=\"noopener noreferrer\">#EconomyForFuture<\/a>) in den Social Media zu nutzen. Es soll kein B\u00fcndnis im klassischen Sinne gebildet werden, sondern ein assoziatives Zusammenwirken entstehen. Daf\u00fcr wurden bereits\u00a0digitale Kan\u00e4le eingerichtet:<\/p>\n<p><strong>Webseite:<\/strong>\u00a0<a href=\"https:\/\/www.economyforfuture.net\/\" target=\"_blank\" rel=\"noopener noreferrer\">https:\/\/www.economyforfuture.net<\/a><br \/><strong>Facebook:<\/strong>\u00a0<a href=\"https:\/\/www.facebook.com\/EconomyForFuture\/\" target=\"_blank\" rel=\"noopener noreferrer\">https:\/\/www.facebook.com\/EconomyForFuture<\/a><br \/><strong>Instagram:<\/strong>\u00a0<a href=\"https:\/\/www.instagram.com\/letseconomy\" target=\"_blank\" rel=\"noopener noreferrer\">https:\/\/www.instagram.com\/letseconomy<\/a><br \/><strong>Twitter:<\/strong>\u00a0\u00a0<a href=\"https:\/\/twitter.com\/LetsEconomy\" target=\"_blank\" rel=\"noopener noreferrer\">https:\/\/twitter.com\/LetsEconomy<\/a><\/p>\n<p>In den Kr\u00e4ften und Prinzipien unseres gegenw\u00e4rtigen Wirtschaftssystems liegen die tiefsten Ursachen f\u00fcr die Krisen unserer Zivilisation. Wir m\u00fcssen dieses Feld unseres gesellschaftlichen Zusammenlebens in seinen Fundamenten erneuern. Das ist eine Aufgabe f\u00fcr die ganze Menschheit! Zu dieser Aufgabe wollen wir mit unserer Initiative beitragen.\u00a0&#8220;There is no alternative! Der alten scheinbaren Alternativlosigkeit eines freien Marktes, der alles regelt, tritt eine neue, echte Alternativlosigkeit gegen\u00fcber:\u00a0die\u00a0Notwendigkeit, unsere Lebensgrundlagen auf dem Planeten Erde zu retten. Das bringt alles in Bewegung, das ist die gro\u00dfe Chance, die wir jetzt haben&#8221;, sagte Gerhard Schuster von der Europ\u00e4ischen Kreditinitiative, die\u00a0mit dem OMNIBUS f\u00fcr Direkte Demokratie zu dem Treffen eingeladen hatte.<\/p>\n<\/div>\n[\/et_pb_text][\/et_pb_column][\/et_pb_row][\/et_pb_section]\n","protected":false},"excerpt":{"rendered":"<p>02\/04\/2020 Erstes &#8220;Economy For Future&#8221;-Treffen in Wien Beim &#8220;Economy For Future&#8221;-Treffen am 31. Januar 2020 in Wien haben sich ca. 50 engagierte Menschen von verschiedenen Initiativen \u00fcber eine zukunftsf\u00e4hige \u00f6kologische und soziale Wirtschaft ausgetauscht. Von Charlie Rutz Im Jahr 2019 hat die &#8220;Fridays For Future&#8221;-Bewegung allen nicht ganz unzug\u00e4nglichen Menschen die Dramatik unserer gegenw\u00e4rtigen \u00f6kologischen [&hellip;]<\/p>\n","protected":false},"author":1,"featured_media":494,"comment_status":"closed","ping_status":"closed","sticky":false,"template":"","format":"standard","meta":{"_et_pb_use_builder":"on","_et_pb_old_content":"","_et_gb_content_width":"","footnotes":"","_links_to":"","_links_to_target":""},"categories":[28],"tags":[],"class_list":["post-883","post","type-post","status-publish","format-standard","has-post-thumbnail","hentry","category-report"],"_links":{"self":[{"href":"https:\/\/www.creditinitiative.eu\/en\/wp-json\/wp\/v2\/posts\/883","targetHints":{"allow":["GET"]}}],"collection":[{"href":"https:\/\/www.creditinitiative.eu\/en\/wp-json\/wp\/v2\/posts"}],"about":[{"href":"https:\/\/www.creditinitiative.eu\/en\/wp-json\/wp\/v2\/types\/post"}],"author":[{"embeddable":true,"href":"https:\/\/www.creditinitiative.eu\/en\/wp-json\/wp\/v2\/users\/1"}],"replies":[{"embeddable":true,"href":"https:\/\/www.creditinitiative.eu\/en\/wp-json\/wp\/v2\/comments?post=883"}],"version-history":[{"count":1,"href":"https:\/\/www.creditinitiative.eu\/en\/wp-json\/wp\/v2\/posts\/883\/revisions"}],"predecessor-version":[{"id":884,"href":"https:\/\/www.creditinitiative.eu\/en\/wp-json\/wp\/v2\/posts\/883\/revisions\/884"}],"wp:featuredmedia":[{"embeddable":true,"href":"https:\/\/www.creditinitiative.eu\/en\/wp-json\/wp\/v2\/media\/494"}],"wp:attachment":[{"href":"https:\/\/www.creditinitiative.eu\/en\/wp-json\/wp\/v2\/media?parent=883"}],"wp:term":[{"taxonomy":"category","embeddable":true,"href":"https:\/\/www.creditinitiative.eu\/en\/wp-json\/wp\/v2\/categories?post=883"},{"taxonomy":"post_tag","embeddable":true,"href":"https:\/\/www.creditinitiative.eu\/en\/wp-json\/wp\/v2\/tags?post=883"}],"curies":[{"name":"wp","href":"https:\/\/api.w.org\/{rel}","templated":true}]}}