{"id":1448,"date":"2021-01-04T10:49:00","date_gmt":"2021-01-04T10:49:00","guid":{"rendered":"https:\/\/www.creditinitiative.eu\/?p=1448"},"modified":"2021-02-24T11:06:19","modified_gmt":"2021-02-24T11:06:19","slug":"ruckblick-auf-unsere-petition","status":"publish","type":"post","link":"https:\/\/www.creditinitiative.eu\/de\/2021\/01\/04\/ruckblick-auf-unsere-petition\/","title":{"rendered":"Neujahrs-Gr\u00fc\u00dfe und ein R\u00fcckblick auf unsere Petition"},"content":{"rendered":"<p>[et_pb_section fb_built=&#8220;1&#8243; _builder_version=&#8220;3.28&#8243; min_height=&#8220;315px&#8220; custom_margin=&#8220;||-13px|||&#8220; custom_padding=&#8220;0px||5px|||&#8220;][et_pb_row column_structure=&#8220;1_5,3_5,1_5&#8243; _builder_version=&#8220;4.4.1&#8243; custom_padding=&#8220;0px|||||&#8220;][et_pb_column type=&#8220;1_5&#8243; _builder_version=&#8220;4.4.1&#8243;][\/et_pb_column][et_pb_column type=&#8220;3_5&#8243; _builder_version=&#8220;4.4.1&#8243;][et_pb_text _builder_version=&#8220;4.9.0&#8243; custom_margin=&#8220;150px||0px|||&#8220; hover_enabled=&#8220;0&#8243; sticky_enabled=&#8220;0&#8243;]<\/p>\n<p>#12062020olympia \u2022\u00a0#bundestagspetition\u00a0\u2022\u00a0#bilanz<\/p>\n<p>[\/et_pb_text][et_pb_post_title date_format=&#8220;j. M Y&#8220; categories=&#8220;off&#8220; comments=&#8220;off&#8220; featured_image=&#8220;off&#8220; _builder_version=&#8220;4.5.0&#8243; title_text_color=&#8220;#fdc41f&#8220; meta_font=&#8220;||on||||||&#8220; meta_text_color=&#8220;#4d5b61&#8243; width=&#8220;85%&#8220; custom_margin=&#8220;8px|||||&#8220;][\/et_pb_post_title][et_pb_text _builder_version=&#8220;4.9.0&#8243; header_4_font=&#8220;|||on|||||&#8220; header_4_text_color=&#8220;#e84e0f&#8220; custom_margin=&#8220;24px||36px|||&#8220;]<\/p>\n<p style=\"text-align: right;\">Newsletter\u00a0no 30<\/p>\n<p><strong><em>Liebe Leserin, lieber Leser unseres Newsletters!<\/em><\/strong><\/p>\n<p><span>die letzten Wochen waren f\u00fcr uns eine intensive Zeit. 28 Tage lang war unsere Petition an den Deutschen Bundestag zur Mitzeichnung\u00a0online und wir haben versucht, diese Zeit zu n\u00fctzen. Ich denke, dass es uns gelungen ist, doch einiges an Resonanz\u00a0f\u00fcr die Idee einer profitunabh\u00e4ngigen Unternehmensfinanzierung\u00a0und die Perspektive eines kooperativen Wirtschaftens\u00a0hervorzurufen. Am Ende haben 9718 Menschen die European Credit Initiative mit ihrer Unterschrift unterst\u00fctzt! Vielen Dank daf\u00fcr!<\/span><\/p>\n<p><span>In den zur\u00fcckliegenden\u00a0vier Wochen ist einiges entstanden. Zahlreiche Menschen haben sich mit den Inhalten unserer Petition n\u00e4her und tiefer befasst oder haben uns ein\u00a0Statement gegeben, das\u00a0wir auf unserem neuen\u00a0<\/span><a href=\"https:\/\/www.instagram.com\/credit_eci\/\" target=\"_blank\" rel=\"noopener noreferrer\">Instagram-Kanal<\/a><span> teilen konnten. Es haben viele\u00a0Gespr\u00e4che stattgefunden, zum Teil festgehalten auf Video und auf unserem <\/span><a href=\"https:\/\/www.youtube.com\/c\/europe2019net\" target=\"_blank\" rel=\"noopener noreferrer\">YouTube-Kanal<\/a><span>\u00a0zu finden. Den\u00a0Auftakt machte ein <\/span><a href=\"https:\/\/www.creditinitiative.eu\/de\/2020\/12\/06\/im-gespraech-mit-susanne-wiest\/\" target=\"_blank\" rel=\"noopener noreferrer\">Gespr\u00e4ch\u00a0mit Susanne Wiest<\/a><span>, die im Fr\u00fchjahr erfolgreich eine Petition f\u00fcr das Bedingungslose Grundeinkommen lancierte. Es folgten Gespr\u00e4che mit dem Economy Transformer\u00a0<\/span><a href=\"https:\/\/www.youtube.com\/watch?v=HdwrHskjssY&amp;feature=youtu.be\" target=\"_blank\" rel=\"noopener noreferrer\">Jac Hielema<\/a><span> aus den Niederlanden oder mit unserem Mitstreiter bei den 12062020 Olympia-Petitionen <\/span><a href=\"https:\/\/www.youtube.com\/watch?v=nHkkQOitufI&amp;feature=youtu.be\" data-toggle=\"tooltip\" target=\"_blank\" rel=\"noopener noreferrer\">Pablo Eberhardt<\/a><span> von <\/span><a href=\"https:\/\/klima-mitbestimmung.jetzt\" target=\"_blank\" rel=\"noopener noreferrer\">Klima-Mitbestimmung JETZT<\/a><span>. Diese Petition mit\u00a0der Forderung nach einem B\u00fcrger*innen-Rat zur Klimapolitik hat die H\u00fcrde von 50.000 Unterschriften erreicht\u00a0und wurde schon f\u00fcr den 25. Januar zu einer \u00f6ffentlichen Anh\u00f6rung in den Ausschuss des Bundestages eingeladen. Die beiden letzten unserer Partner-Petition gehen jetzt noch eine Woche weiter (s.u.)\u00a0<\/span><\/p>\n<p><span>Auch wenn die Europ\u00e4ische Kreditinitiative die Kraft und Unterst\u00fctzung f\u00fcr 50.000 Mitzeichnungen\u00a0noch nicht aufbringen konnte, ist ihr <\/span><a href=\"https:\/\/epetitionen.bundestag.de\/petitionen\/_2020\/_11\/_13\/Petition_117949.html\" target=\"_blank\" rel=\"noopener noreferrer\">Anliegen an den Bundestag<\/a><span>eingebracht und der Ausschuss wird es pr\u00fcfen und entsprechend behandeln. Wir werden die Gelegenheit n\u00fctzen, um\u00a0mit politisch\u00a0Verantwortlichen in Deutschland dar\u00fcber in den Austausch zu kommen! Die fast 10.000 Unterst\u00fctzer*innen verschaffen uns daf\u00fcr Wind in den Segeln.<\/span><\/p>\n<p><span>F\u00fcr mich hat unsere Kampagne im R\u00fcckblick auch deshalb etwas\u00a0Begl\u00fcckendes, weil wir mit unserer Petition genau zum Abschluss dieses au\u00dfergew\u00f6hnlichen Jahres etwas \u00f6ffentlich ins Spiel bringen konnten, was ein Baustein sein kann f\u00fcr die Bew\u00e4ltigung der akuten Krise, die\u00a0die Corona-Pandemie mit sich brachte. Und das gilt auch im Hinblick auf die gro\u00dfen \u00f6kologischen Herausforderungen, f\u00fcr die unsere Vorschl\u00e4ge zu einer &#8222;Economy For Future&#8220;\u00a0als nicht weniger\u00a0notwendig erkannt werden k\u00f6nnen.\u00a0Alle Krisen die wir haben sind auch und vor allem gesellschaftliche Krise. Denn auch ein &#8222;Naturereignis&#8220;\u00a0wie ein neuartiges Virus trifft auf bestimmte soziale Verh\u00e4ltnisse. Und wenn eine\u00a0Pandemie eine Wirtschaftskrise im Gefolge hat, dann ist das die Krise einer nicht krisenfesten Wirtschaft. Und wenn wir die noch gr\u00f6\u00dfere Klimakrise betrachten, wird der Zusammenhang noch deutlicher. Solange in der Profitlogik vorrangig materieller\u00a0Wachstum im Fokus ist, steht den notwendigen Klimaschutz-Ma\u00dfnahmen ein riesiges Bollwerk entgegen. Wir brauchen eine zukunftsf\u00e4hige Wirtschaft, die Zukunftsimpulse nicht verhindert, sondern erm\u00f6glicht.\u00a0<\/span><\/p>\n<p><span>Zum Schluss m\u00f6chte ich mich noch bei allen Initiativen und Einzelpersonen bedanken, die uns unterst\u00fctzt haben. Ich kann\u00a0jetzt nicht alle nennen, aber besonders will ich mich bei dem Team von <\/span><a href=\"https:\/\/www.12062020.de\/de\/petitionen\/\" target=\"_blank\" rel=\"noopener noreferrer\">12062020 Olympia und unseren Partner-Petitionen<\/a><span> f\u00fcr die Zusammenarbeit bedanken! Unser Erfolg war auch deshalb m\u00f6glich, weil wir in diesem Rahmen angetreten sind. Wer zu\u00a0diesem Zusammenhang und zu der Idee von Olympia noch mehr wissen will, kann meine Gedanken dazu in einem <\/span><a href=\"https:\/\/www.democracy-international.org\/node\/2193\" target=\"_blank\" rel=\"noopener noreferrer\">Interview von Democracy International<\/a><span>\u00a0finden.\u00a0Neben der Unterst\u00fctzung des Kreditinitiative-Partners <\/span><a href=\"https:\/\/www.omnibus.org\" target=\"_blank\" rel=\"noopener noreferrer\">Omnibus f\u00fcr Direkte Demokratie<\/a><span> und seiner <\/span><a href=\"https:\/\/www.omnibus.org\/geldkreislauf\" target=\"_blank\" rel=\"noopener noreferrer\">Initiative Geldkreislauf<\/a><span>,\u00a0hat vor allem auch der Newsletter der Initiative\u00a0<\/span><a href=\"https:\/\/abstimmung21.de\" target=\"_blank\" rel=\"noopener noreferrer\">Abstimmung\u00a021<\/a><span> zu den Olympia-Petitionen viele Menschen erreicht, die sonst nichts von uns erfahren h\u00e4tten. Ich m\u00f6chte Ihnen auch\u00a0diese Initiative\u00a0ans Herz legen. Wie 12062020 Olympia ist auch Abstimmung 21\u00a0ein Versuch, trotz der nicht vorhandenen direkt-demokratischen M\u00f6glichkeiten auf Bundesebene der BRD, demokratisches Handeln zu erm\u00f6glichen und damit auch die Weiterentwicklung der Demokratie anzuregen und zu bef\u00f6rdern.<\/span><\/p>\n<p><span>Ich hoffe, dass Sie in meinem R\u00fcckblick auf unsere\u00a0letzten Wochen doch einiges von Interesse und vielleicht auch an bereichernden Impulsen\u00a0finden konnten.\u00a0In diesem Sinne w\u00fcnsche ich ein gutes Neues Jahr!<\/span><\/p>\n<p>Mit herzlichen Gr\u00fc\u00dfen\u00a0<\/p>\n<p><img loading=\"lazy\" decoding=\"async\" src=\"https:\/\/www.creditinitiative.eu\/wp-content\/uploads\/unterschrift_gerhard_schuster_1-1024x435.jpg\" width=\"257\" height=\"109\" alt=\"\" class=\"wp-image-1186 alignnone size-large\" \/><br \/> Gerhard Schuster<\/p>\n<p>[\/et_pb_text][et_pb_image src=&#8220;https:\/\/www.creditinitiative.eu\/wp-content\/uploads\/florianundgerhardneujahr.jpeg&#8220; title_text=&#8220;florianundgerhardneujahr&#8220; _builder_version=&#8220;4.9.0&#8243; _module_preset=&#8220;default&#8220; width=&#8220;82%&#8220; module_alignment=&#8220;center&#8220; hover_enabled=&#8220;0&#8243; border_radii=&#8220;on|18px|18px|18px|18px&#8220; sticky_enabled=&#8220;0&#8243; custom_margin=&#8220;||11px|||&#8220;][\/et_pb_image][et_pb_text _builder_version=&#8220;4.9.0&#8243; _module_preset=&#8220;default&#8220; hover_enabled=&#8220;0&#8243; sticky_enabled=&#8220;0&#8243; custom_padding=&#8220;||0px|||&#8220; min_height=&#8220;11px&#8220;]<\/p>\n<p style=\"font-size: 80%; text-align: center;\">Foto: Mit Florian Wagner bei unserem Silvester-Gru\u00df zum Abschluss der Kampagne (Instagram: @credit_eci)<\/p>\n<p>[\/et_pb_text][\/et_pb_column][et_pb_column type=&#8220;1_5&#8243; _builder_version=&#8220;4.4.1&#8243;][\/et_pb_column][\/et_pb_row][et_pb_row column_structure=&#8220;1_5,3_5,1_5&#8243; _builder_version=&#8220;4.4.1&#8243; custom_padding=&#8220;0px|||||&#8220;][et_pb_column type=&#8220;1_5&#8243; _builder_version=&#8220;4.4.1&#8243;][\/et_pb_column][et_pb_column type=&#8220;3_5&#8243; _builder_version=&#8220;4.4.1&#8243;][et_pb_divider _builder_version=&#8220;4.5.0&#8243; _module_preset=&#8220;default&#8220; custom_margin=&#8220;||22px|||&#8220;][\/et_pb_divider][et_pb_text _builder_version=&#8220;4.7.7&#8243; _module_preset=&#8220;default&#8220;]<\/p>\n<h3 style=\"text-align: center;\"><span><strong>12062020olympia<\/strong><\/span><\/h3>\n<p style=\"text-align: left;\"><span><strong><img loading=\"lazy\" decoding=\"async\" src=\"https:\/\/www.creditinitiative.eu\/wp-content\/uploads\/Logo-05.jpg\" width=\"200\" height=\"200\" alt=\"\" class=\"wp-image-1291 alignnone size-full\" style=\"display: block; margin-left: auto; margin-right: auto;\" srcset=\"https:\/\/www.creditinitiative.eu\/wp-content\/uploads\/Logo-05.jpg 200w, https:\/\/www.creditinitiative.eu\/wp-content\/uploads\/Logo-05-150x150.jpg 150w\" sizes=\"auto, (max-width: 200px) 100vw, 200px\" \/><\/strong><\/span><span><\/span><\/p>\n<p style=\"text-align: left;\"><span>F\u00fcnf Petitionen haben sich entschlossen, ihre Petition auch beim Bundestag einzubringen. Unsere Partner-Petitionen sind:<\/span><\/p>\n<p>[\/et_pb_text][et_pb_text _builder_version=&#8220;4.9.0&#8243; _module_preset=&#8220;default&#8220; hover_enabled=&#8220;0&#8243; sticky_enabled=&#8220;0&#8243;]<\/p>\n<p dir=\"ltr\"><span><strong>F\u00fcnf Petitionen haben sich entschlossen, ihre Petition auch beim Bundestag einzubringen. Unsere Partner-Petitionen sind:<\/strong><\/p>\n<p><strong>Bundesweiter B\u00fcrger*innenrat zur Klimapolitik<\/strong><br \/>eingebracht von Klima-Mitbestimmung JETZT<\/span><br \/>(Hat die Mitzeichnungsfrist erfolgreich abgeschlossen.)<\/p>\n<p><span>Klima-Mitbestimmung JETZT fordert einen bundesweiten B\u00fcrger*innenrat zur Klimapolitik! Das Ziel: Faktenbasierte Klimapolitik, die von der Gesellschaft mitgetragen wird. B\u00fcrger*innenr\u00e4te in anderen L\u00e4ndern haben bereits gezeigt, dass ein mit gelosten B\u00fcrger*innen besetztes Gremium sowohl die Demokratie als auch die Klimapolitik st\u00e4rken kann! Es ist Zeit f\u00fcr einen Klima-B\u00fcrger*innenrat in Deutschland!<\/p>\n<p><strong>Bauwende JETZT! Denn klimasch\u00e4dliches Bauen kostet uns die Zukunft<\/strong><br \/>eingebracht von Architects for Future &#8211; online bis zum 08.01.2021<\/span><\/p>\n<p dir=\"ltr\"><span>Die Petition von Architects for Future fordert eine klimagerechte, \u00f6kologisch und sozial nachhaltige BAUWENDE. Das Bauen und Betreiben von Geb\u00e4uden hat weltweit den gr\u00f6\u00dften Anteil am Klimawandel. Um die Pariser Klimaziele noch zu erreichen, m\u00fcssen wir JETZT handeln. Hierzu muss es in der Baubranche ein grundlegendes Umdenken und elementare \u00c4nderungen geben: Das Bauen mit gesunden und kreislauff\u00e4higen Materialien soll gef\u00f6rdert, Sanierungen vereinfacht und unsere St\u00e4dte gr\u00fcner und sozialgerechter werden. Werde aktiv f\u00fcr eine lebenswerte Zukunft: Der Grundstein f\u00fcr die Bauwende ist DEINE Unterschrift!<\/p>\n<p><strong>Recht auf Reparatur statt Neukauf!<\/strong><br \/>eingebracht von Mario Kronwald\u00a0\u00a0&#8211; online bis zum 07.01.2021<\/p>\n<p>In Deutschland produzierte und gehandelte Produkte sollen ein &#8222;Recht auf Reparatur&#8220; erhalten. Das bedeutet, dass die Produkte so konzipiert sind, dass eine Reparatur jederzeit m\u00f6glich ist. Mit der Ausnahme von Verbrauchsg\u00fctern und dergleichen, soll das Recht auf Reparatur f\u00fcr m\u00f6glichst viele G\u00fcter gelten.<\/span><\/p>\n<p><span><strong>Zum Unterschreiben der Petitionen:<\/strong>\u00a0<\/span><a href=\"https:\/\/linktr.ee\/12062020petitionen\" data-toggle=\"tooltip\" target=\"_blank\" rel=\"noopener noreferrer\">https:\/\/linktr.ee\/12062020pet<wbr \/>itionen<\/a><\/p>\n<p>Eine f\u00fcnfte Petition von unserer Mitstreiterin Wiebke Wiedeck\u00a0&#8222;Gegen Femizide, h\u00e4usliche Gewalt, Kindesmissbrauch und Kindesmisshandlung&#8220; wird erst im kommenden Jahr eingereicht werden.\u00a0<\/p>\n<p>[\/et_pb_text][et_pb_divider _builder_version=&#8220;4.5.0&#8243; _module_preset=&#8220;default&#8220; custom_margin=&#8220;||22px|||&#8220;][\/et_pb_divider][et_pb_text _builder_version=&#8220;4.7.7&#8243; _module_preset=&#8220;default&#8220;]<\/p>\n<div>\n<h4 class=\"null\" style=\"text-align: center;\">Helfen Sie mit und bereiten Sie mit uns die Wege\u00a0<br \/>f\u00fcr eine\u00a0neue Art des\u00a0Wirtschaftens<\/h4>\n<\/div>\n<p style=\"text-align: left;\"><span><\/span><\/p>\n<p><span style=\"text-align: center;\"><\/span><\/p>\n<p>[\/et_pb_text][et_pb_button button_url=&#8220;https:\/\/www.creditinitiative.eu\/de\/spenden\/&#8220; url_new_window=&#8220;on&#8220; button_text=&#8220;JETZT SPENDEN!&#8220; button_alignment=&#8220;center&#8220; _builder_version=&#8220;4.9.0&#8243; _module_preset=&#8220;default&#8220; hover_enabled=&#8220;0&#8243; sticky_enabled=&#8220;0&#8243;][\/et_pb_button][\/et_pb_column][et_pb_column type=&#8220;1_5&#8243; _builder_version=&#8220;4.4.1&#8243;][\/et_pb_column][\/et_pb_row][\/et_pb_section][et_pb_section fb_built=&#8220;1&#8243; _builder_version=&#8220;3.28&#8243; custom_padding=&#8220;||0px|||&#8220;][et_pb_row _builder_version=&#8220;3.28&#8243; custom_margin=&#8220;-52px|auto||auto||&#8220;][et_pb_column type=&#8220;4_4&#8243; _builder_version=&#8220;3.28&#8243;][et_pb_divider color=&#8220;#4d5b61&#8243; divider_position=&#8220;center&#8220; _builder_version=&#8220;3.28&#8243; custom_margin=&#8220;16px||23px|||&#8220;][\/et_pb_divider][\/et_pb_column][\/et_pb_row][\/et_pb_section][et_pb_section fb_built=&#8220;1&#8243; _builder_version=&#8220;3.28&#8243; custom_margin=&#8220;-33px|||||&#8220; custom_padding=&#8220;68px|||||&#8220; global_module=&#8220;438&#8243; saved_tabs=&#8220;all&#8220;][et_pb_row column_structure=&#8220;1_3,1_3,1_3&#8243; _builder_version=&#8220;3.28&#8243; custom_margin=&#8220;-46px|auto|-1px|auto||&#8220; custom_padding=&#8220;0px||0px|||&#8220;][et_pb_column type=&#8220;1_3&#8243; _builder_version=&#8220;3.28&#8243;][et_pb_text _builder_version=&#8220;3.28&#8243; custom_margin=&#8220;12px||||false|false&#8220;]<\/p>\n<p><span>Internationales Kulturzentrum Achberg e.V.<br \/> <\/span><span>Panoramastra\u00dfe 30<br \/> 88147 Achberg<br \/> DEUTSCHLAND <\/span><\/p>\n<p><span>+49 8380 500 <\/span><\/p>\n<p><span>IBAN: DE88 4306 0967 8233 3668 00<br \/> <\/span><span>GENODEM1GLS <\/span><\/p>\n<p><span><\/span><\/p>\n<p>[\/et_pb_text][et_pb_text _builder_version=&#8220;3.28&#8243; custom_margin=&#8220;-12px||||false|false&#8220;]<\/p>\n<p><span><a href=\"mailto:info@creditinitiative.eu \">info@creditinitiative.eu<br \/> <\/a><\/span><span><a href=\"http:\/\/www.creditinitiative.eu \">www.creditinitiative.eu<\/a><\/span><\/p>\n<p><span><\/span><\/p>\n<p><span><\/span><\/p>\n<p>[\/et_pb_text][\/et_pb_column][et_pb_column type=&#8220;1_3&#8243; _builder_version=&#8220;3.28&#8243;][et_pb_text _builder_version=&#8220;3.28&#8243; custom_margin=&#8220;12px||||false|false&#8220;]<\/p>\n<p><span>Initiativ-Gesellschaft EuroVision<br \/> <\/span><span>Brantinggasse 61<br \/> 1100 Wien<br \/> \u00d6STERREICH <\/span><\/p>\n<p><span>+43 650 941 32 64<\/span><\/p>\n<p><span>IBAN: AT09 6000 0000 9217 9671<br \/> BIC: OPSKATWW <\/span><\/p>\n<p><span><\/span><\/p>\n<p>[\/et_pb_text][et_pb_text _builder_version=&#8220;3.28&#8243; custom_margin=&#8220;-12px||||false|false&#8220; custom_padding=&#8220;||||false|false&#8220;]<\/p>\n<p><span><\/span><span style=\"font-size: 15px;\">Ansprechpersonen:<br \/> <\/span><span style=\"font-size: 15px;\">Gerhard Schuster und Daniel Schily<\/span><\/p>\n<p><span><\/span><\/p>\n<p>[\/et_pb_text][\/et_pb_column][et_pb_column type=&#8220;1_3&#8243; _builder_version=&#8220;3.28&#8243;][et_pb_sidebar area=&#8220;et_pb_widget_area_1&#8243; show_border=&#8220;off&#8220; _builder_version=&#8220;3.28&#8243; custom_margin=&#8220;-18px|3px|||false|false&#8220;][\/et_pb_sidebar][\/et_pb_column][\/et_pb_row][et_pb_row column_structure=&#8220;3_5,2_5&#8243; _builder_version=&#8220;3.28&#8243; custom_margin=&#8220;-22px|auto|-57px|auto||&#8220; custom_padding=&#8220;||1px|||&#8220;][et_pb_column type=&#8220;3_5&#8243; _builder_version=&#8220;3.28&#8243;][et_pb_text _builder_version=&#8220;3.28&#8243; custom_margin=&#8220;-8px||||false|false&#8220;]<\/p>\n<div>\n<p>\u00a9\u00a02020 | Internationales Kulturzentrum Achberg &amp; IG-EuroVision | <a href=\"https:\/\/www.creditinitiative.eu\/de\/impressum\/\" title=\"Impressum\">Impressum<\/a>\u00a0| <a href=\"https:\/\/www.creditinitiative.eu\/de\/datenschutz\/\" title=\"Datenschutz\">Datenschutz<\/a><\/p>\n<\/div>\n<p>[\/et_pb_text][\/et_pb_column][et_pb_column type=&#8220;2_5&#8243; _builder_version=&#8220;3.28&#8243;][et_pb_text _builder_version=&#8220;4.4.0&#8243; transform_scale_last_edited=&#8220;off|desktop&#8220; transform_translate_last_edited=&#8220;off|desktop&#8220; transform_rotate_last_edited=&#8220;off|desktop&#8220; transform_skew_last_edited=&#8220;off|desktop&#8220; transform_origin_last_edited=&#8220;off|desktop&#8220; transform_styles_last_edited=&#8220;off|desktop&#8220; text_orientation=&#8220;right&#8220; custom_margin=&#8220;-10px||||false|false&#8220; text_font_size_tablet=&#8220;&#8220; text_font_size_phone=&#8220;7px&#8220; text_font_size_last_edited=&#8220;on|phone&#8220; text_orientation_tablet=&#8220;&#8220; text_orientation_phone=&#8220;left&#8220; text_orientation_last_edited=&#8220;on|phone&#8220;]<\/p>\n<p><a href=\"https:\/\/www.facebook.com\/credit.initiative\" target=\"_blank\" rel=\"noopener noreferrer\"><img loading=\"lazy\" decoding=\"async\" src=\"https:\/\/www.creditinitiative.eu\/wp-content\/uploads\/facebook.png\" width=\"88\" height=\"23\" alt=\"\" class=\"wp-image-65 alignnone size-full\" \/><\/a>\u00a0 \u00a0 \u00a0<a href=\"https:\/\/twitter.com\/credit_eci\" target=\"_blank\" rel=\"noopener noreferrer\" title=\"Twitter\"><img loading=\"lazy\" decoding=\"async\" src=\"https:\/\/www.creditinitiative.eu\/wp-content\/uploads\/twitter.png\" width=\"27\" height=\"22\" alt=\"\" class=\"wp-image-83 alignnone size-full\" \/><\/a> \u00a0 \u00a0 \u00a0<a href=\"http:\/\/www.youtube.com\/c\/europe2019net\" target=\"_blank\" rel=\"noopener noreferrer\" title=\"YouTube\"><img loading=\"lazy\" decoding=\"async\" src=\"https:\/\/www.creditinitiative.eu\/wp-content\/uploads\/youtube.png\" width=\"53\" height=\"22\" alt=\"\" class=\"wp-image-85 alignnone size-full\" \/><\/a>\u00a0 \u00a0 \u00a0\u00a0<a href=\"https:\/\/soundcloud.com\/credit-initiative\" target=\"_blank\" rel=\"noopener noreferrer\" title=\"Soundcloud\"><img loading=\"lazy\" decoding=\"async\" src=\"https:\/\/www.creditinitiative.eu\/wp-content\/uploads\/soundcloud.png\" width=\"37\" height=\"21\" alt=\"\" class=\"wp-image-81 alignnone size-full\" \/><\/a>\u00a0 \u00a0 \u00a0\u00a0<a href=\"https:\/\/www.flickr.com\/photos\/europe2019\" target=\"_blank\" rel=\"noopener noreferrer\" title=\"Flickr\"><img loading=\"lazy\" decoding=\"async\" src=\"https:\/\/www.creditinitiative.eu\/wp-content\/uploads\/flickr.png\" width=\"64\" height=\"19\" alt=\"\" class=\"wp-image-67 alignnone size-full\" \/><\/a><\/p>\n<p>[\/et_pb_text][\/et_pb_column][\/et_pb_row][\/et_pb_section]<\/p>\n","protected":false},"excerpt":{"rendered":"<p>9718 Menschen haben uns mit ihrer Unterschrift unterst\u00fctzt! Bilanz der letzten vier Wochen! <\/p>\n","protected":false},"author":1,"featured_media":1455,"comment_status":"closed","ping_status":"closed","sticky":false,"template":"","format":"standard","meta":{"_et_pb_use_builder":"on","_et_pb_old_content":"","_et_gb_content_width":"1080","footnotes":"","_links_to":"","_links_to_target":""},"categories":[36,40],"tags":[],"class_list":["post-1448","post","type-post","status-publish","format-standard","has-post-thumbnail","hentry","category-aktuelles","category-newsletter"],"_links":{"self":[{"href":"https:\/\/www.creditinitiative.eu\/de\/wp-json\/wp\/v2\/posts\/1448","targetHints":{"allow":["GET"]}}],"collection":[{"href":"https:\/\/www.creditinitiative.eu\/de\/wp-json\/wp\/v2\/posts"}],"about":[{"href":"https:\/\/www.creditinitiative.eu\/de\/wp-json\/wp\/v2\/types\/post"}],"author":[{"embeddable":true,"href":"https:\/\/www.creditinitiative.eu\/de\/wp-json\/wp\/v2\/users\/1"}],"replies":[{"embeddable":true,"href":"https:\/\/www.creditinitiative.eu\/de\/wp-json\/wp\/v2\/comments?post=1448"}],"version-history":[{"count":6,"href":"https:\/\/www.creditinitiative.eu\/de\/wp-json\/wp\/v2\/posts\/1448\/revisions"}],"predecessor-version":[{"id":1462,"href":"https:\/\/www.creditinitiative.eu\/de\/wp-json\/wp\/v2\/posts\/1448\/revisions\/1462"}],"wp:featuredmedia":[{"embeddable":true,"href":"https:\/\/www.creditinitiative.eu\/de\/wp-json\/wp\/v2\/media\/1455"}],"wp:attachment":[{"href":"https:\/\/www.creditinitiative.eu\/de\/wp-json\/wp\/v2\/media?parent=1448"}],"wp:term":[{"taxonomy":"category","embeddable":true,"href":"https:\/\/www.creditinitiative.eu\/de\/wp-json\/wp\/v2\/categories?post=1448"},{"taxonomy":"post_tag","embeddable":true,"href":"https:\/\/www.creditinitiative.eu\/de\/wp-json\/wp\/v2\/tags?post=1448"}],"curies":[{"name":"wp","href":"https:\/\/api.w.org\/{rel}","templated":true}]}}