{"id":1235,"date":"2020-12-10T11:30:23","date_gmt":"2020-12-10T11:30:23","guid":{"rendered":"https:\/\/www.creditinitiative.eu\/?p=1235"},"modified":"2020-12-17T22:18:42","modified_gmt":"2020-12-17T22:18:42","slug":"die-europaeische-kreditinitiative-als-tor","status":"publish","type":"post","link":"https:\/\/www.creditinitiative.eu\/de\/2020\/12\/10\/die-europaeische-kreditinitiative-als-tor\/","title":{"rendered":"Newsletter: Die Europ\u00e4ische Kreditinitiative als Tor"},"content":{"rendered":"\n[et_pb_section fb_built=&#8220;1&#8243; _builder_version=&#8220;3.28&#8243; min_height=&#8220;315px&#8220; custom_margin=&#8220;||-13px|||&#8220; custom_padding=&#8220;0px||5px|||&#8220;][et_pb_row column_structure=&#8220;1_5,3_5,1_5&#8243; _builder_version=&#8220;4.4.1&#8243; custom_padding=&#8220;0px|||||&#8220;][et_pb_column type=&#8220;1_5&#8243; _builder_version=&#8220;4.4.1&#8243;][\/et_pb_column][et_pb_column type=&#8220;3_5&#8243; _builder_version=&#8220;4.4.1&#8243;][et_pb_text _builder_version=&#8220;4.5.0&#8243; custom_margin=&#8220;150px||0px|||&#8220;]<p>#12062020olympia \u2022\u00a0#bundestagspetition\u00a0\u2022\u00a0#jetztunterschreiben<\/p>[\/et_pb_text][et_pb_post_title date_format=&#8220;j. M Y&#8220; categories=&#8220;off&#8220; comments=&#8220;off&#8220; featured_image=&#8220;off&#8220; _builder_version=&#8220;4.5.0&#8243; title_text_color=&#8220;#fdc41f&#8220; meta_font=&#8220;||on||||||&#8220; meta_text_color=&#8220;#4d5b61&#8243; width=&#8220;85%&#8220; custom_margin=&#8220;8px|||||&#8220;][\/et_pb_post_title][et_pb_text _builder_version=&#8220;4.5.0&#8243; header_4_font=&#8220;|||on|||||&#8220; header_4_text_color=&#8220;#e84e0f&#8220; custom_margin=&#8220;24px||36px|||&#8220; hover_enabled=&#8220;0&#8243; sticky_enabled=&#8220;0&#8243;]<p style=\"text-align: right;\">Newsletter\u00a0no 28<\/p>\n<p><strong><em>Liebe Leserin, lieber Leser unseres Newsletters!<\/em><\/strong><\/p>\n<p>Unsere\u00a0Kampagne zur Bundestagspetition\u00a0hat Fahrt aufgenommen und es\u00a0wird wohl in den bevorstehenden drei Wochen bis zum 30. Dezember noch einges Spannendes und vielleicht auch Turbulentes auf uns zukommen.\u00a0Der heutige Newsletter aber m\u00f6chte,\u00a0passend zur Adventzeit,\u00a0etwas zur\u00a0Besinnung beitragen. Ein Newsletter zum langsamen Lesen.<\/p>\n<p>Die Europ\u00e4ische Kreditinitiative ist das Tor, durch das wir als Gesellschaft gehen m\u00fcssen, um jenes Feld zu betreten und zu kultivieren, auf dem eine geschwisterliche Wirtschaft in Kooperation statt Wettbewerb und ein Produzieren und Arbeiten zur Erf\u00fcllung der Lebensbed\u00fcrfnisse sowohl der Menschen als auch der Tiere und der Pflanzen, der gesamten Natur, m\u00f6glich wird.<\/p>\n<p>Wir k\u00f6nnen nicht weiter alles und jede*n ausbeuten, aus purem Privatinteresse\u00a0die Regenw\u00e4lder abholzen, die Meere verschmutzen und die Fruchtbarkeit der B\u00f6den auslaugen.\u00a0Wir wollen Menschen nicht l\u00e4nger durch ihre Lohnabh\u00e4ngigkeit zwingen, Komsumkrempel zu produzieren, der doch nur auf dem M\u00fcll landet.\u00a0Niemand soll sein Leben in einem &#8222;Bullshitjob&#8220; vergeuden!<\/p>\n<p>Wir wollen auf demokratischem Weg eine Wirtschaft gestalten, die nicht dem geldvermitteltem Opportunismus und der egoistischen Gier T\u00fcr und Tor \u00f6ffnet, sondern wir wollen gemeinsam Kulturen der gesellschaftlichen Versorgung entwickeln, die in der\u00a0Souver\u00e4nit\u00e4t von Kooperationen gr\u00fcndet \u2013 gebildet\u00a0zwischen freien und gleichberechtigten\u00a0Individuen<wbr \/>, die sich in ihren unterschiedlichen F\u00e4higkeiten und Impulsen in Selbstverwaltung verbinden.<\/p>\n<p>Aber wie sollen wir dieses &#8222;M\u00f6glichkeitsfeld&#8220; erreichen? Wie k\u00f6nnen wir durch das Tor der Kreditinitiative treten?<\/p>\n<p>Wir wollen f\u00fcr all jene, die beginnen\u00a0wollen, dieses neue Feld zu kultivieren, eine M\u00f6glichkeit der Finanzierung schaffen: Jedes\u00a0Unternehmen, das sich zu folgenden drei Bedingungen verpflichtet, soll dauerhaft zinsfreie Kredite erhalten k\u00f6nnen und damit von Profitinteressen der Banken, Geldgeber oder Aktion\u00e4ren<br \/>unabh\u00e4ngig werden. Diese Bedingungen sind folgende:<\/p>\n<p>1) Verzicht auf die Privatisierung der Unternehmensgewinne und Ausgleich von \u00dcbersch\u00fcssen\u00a0und Defiziten. Wenn die gesamten Eink\u00fcnfte eines\u00a0Unternehmens h\u00f6her sind als seine gesamten Kosten, entsteht \u00fcbersch\u00fcssiger Gewinn \u2013\u00a0dieser darf dann nicht mehr zum Privateigentum gemacht werden. Die \u00dcbersch\u00fcsse werden im Ganzen\u00a0der\u00a0kooperierenden Unternehmen\u00a0f\u00fcr Investitionen genutzt oder dienen der Finanzierung der Arbeit anderer\u00a0gemeinn\u00fctziger Unternehmen, die in ihrer Bilanz kalkuliert\u00a0ein Minus haben. Schulen, Krankenh\u00e4user\u00a0oder Naturschutzorganisationen\u00a0\u00a0k\u00f6<wbr \/>nnen hier als Beispiele gedacht werden.<\/p>\n<p>2) Die zweite Bedingung ist, dass die Regelung der Einkommen\u00a0aller Menschen, die in einem jeweiligen Unternehmen arbeiten (also\u00a0auch die der Besitzer*innen oder der Gesch\u00e4ftsf\u00fchrer*innen), dem \u00f6ffentlichen Recht unterstellt werden, vergleichbar den\u00a0staatlichen Einrichtungen.<\/p>\n<p>3) Die dritte Bedingung ist, dass sich die Produktion am Gemeinwohl orientiert. Dazu z\u00e4hlen neben Gemeinschaftsaufgaben, wie etwa die Wasserversorgung oder der Stra\u00dfenbau, auch Wirtschaftsfelder, die wir heute noch nicht hier ansiedeln, die aber dann, wenn sie auf wirklichen Bedarf treffen und zugleich nachhaltig und qualitativ hochwertig produzieren, nicht minder dazugeh\u00f6ren.<\/p>\n<p>Wenn sich ein Unternehmen\u00a0dazu entschlie\u00dft, diese Bedingungen zu erf\u00fcllen, soll es fortlaufend Geld als zinsfreie Kredite bekommen k\u00f6nnen. Diese M\u00f6glichkeit wollen wir im EU-Recht, genauer im\u00a0Statut des Europ\u00e4ischen Zentralbanken Systems, verankern. In unserer aktuellen\u00a0\u00a0fordern wir die Abgeordneten dazu auf, die Vorschl\u00e4ge in Europa zu unterst\u00fctzen.<\/p>\n<p>So kann die bedarfsorientierte, gemeinwohlverpflichtete Arbeit endlich angemessen finanziert werden und ist nicht mehr auf private Spenden oder staatliche Subventionen angewiesen. Die Profitideologie, die Unternehmen zwingt, gewinnmaximierend zu wirtschaften, kann endlich \u00fcberwunden werden! Und wir k\u00f6nnen ein solches Wirtschaftsleben entwicklen, das nicht mehr Einzelinteressen, sondern den Bed\u00fcrfnissen von Mensch und Natur dient.<\/p>\n<p>Mit herzlichen Gr\u00fc\u00dfen<\/p>\n<p><img loading=\"lazy\" decoding=\"async\" src=\"https:\/\/www.creditinitiative.eu\/wp-content\/uploads\/unterschrift_florian_wagner-1024x666.png\" width=\"240\" height=\"156\" alt=\"\" class=\"wp-image-1172 alignnone size-large\" \/><br \/> Florian Wagner<\/p>[\/et_pb_text][et_pb_divider _builder_version=&#8220;4.5.0&#8243; _module_preset=&#8220;default&#8220; custom_margin=&#8220;||22px|||&#8220;][\/et_pb_divider][et_pb_image src=&#8220;https:\/\/www.creditinitiative.eu\/wp-content\/uploads\/florian.jpg&#8220; title_text=&#8220;florian&#8220; _builder_version=&#8220;4.5.0&#8243; _module_preset=&#8220;default&#8220; width=&#8220;82%&#8220; module_alignment=&#8220;center&#8220; border_radii=&#8220;on|18px|18px|18px|18px&#8220;][\/et_pb_image][\/et_pb_column][et_pb_column type=&#8220;1_5&#8243; _builder_version=&#8220;4.4.1&#8243;][\/et_pb_column][\/et_pb_row][et_pb_row column_structure=&#8220;1_5,3_5,1_5&#8243; _builder_version=&#8220;4.4.1&#8243; custom_padding=&#8220;0px|||||&#8220;][et_pb_column type=&#8220;1_5&#8243; _builder_version=&#8220;4.4.1&#8243;][\/et_pb_column][et_pb_column type=&#8220;3_5&#8243; _builder_version=&#8220;4.4.1&#8243;][et_pb_divider _builder_version=&#8220;4.5.0&#8243; _module_preset=&#8220;default&#8220; custom_margin=&#8220;||22px|||&#8220;][\/et_pb_divider][et_pb_text _builder_version=&#8220;4.5.0&#8243; _module_preset=&#8220;default&#8220; text_font_size=&#8220;20px&#8220;]<p style=\"text-align: center;\"><strong>Hier k\u00f6nnen Sie die Petition der\u00a0European Credit Initiative\u00a0mitzeichnen!<\/strong><\/p>[\/et_pb_text][et_pb_button button_url=&#8220;https:\/\/epetitionen.bundestag.de\/petitionen\/_2020\/_11\/_13\/Petition_117949.html&#8220; url_new_window=&#8220;on&#8220; button_text=&#8220;JETZT UNTERZEICHNEN!&#8220; button_alignment=&#8220;center&#8220; _builder_version=&#8220;4.5.0&#8243; _module_preset=&#8220;default&#8220;][\/et_pb_button][et_pb_text _builder_version=&#8220;4.5.0&#8243; _module_preset=&#8220;default&#8220;]<p>Die Unterst\u00fctzung der Petitionen erfolgt auf der\u00a0<strong>Webseite des Deutschen Bundestages<\/strong>. Daf\u00fcr braucht man eine Registrierung.\u00a0<\/p>\n<p><strong>Tipp:<\/strong> Bei Neuregistrierung auf der Bundestagsseite nach dem Anmeldeprozess noch einmal oben auf &#8222;Jetzt unterschreiben!&#8220; klicken oder auf der Petitionsseite nach der\u00a0Nr. 117949 suchen.<\/p>\n<p>Das angelegte Konto gilt auch f\u00fcr sp\u00e4ter, wenn Sie weitere\u00a0Petitionen unterzeichnen oder eigene einbringen wollen.<\/p>\n<p><strong>\u00dcbrigens:\u00a0Jeder Mensch kann eine Petition an den Deutschen Bundestag unterst\u00fctzen \u2013 nicht nur deutsche Staatsb\u00fcrger*innen!<\/strong><\/p>[\/et_pb_text][et_pb_divider _builder_version=&#8220;4.5.0&#8243; _module_preset=&#8220;default&#8220; custom_margin=&#8220;||22px|||&#8220;][\/et_pb_divider][et_pb_text _builder_version=&#8220;4.5.0&#8243; _module_preset=&#8220;default&#8220;]<p dir=\"ltr\" style=\"text-align: center;\">Wir starten mit unserer Petition auch im Rahmen von 12062020\u00a0Olympia.<br \/> Nachdem das gro\u00dfe Event im Berliner Olympia-Stadion wegen Corona nicht stattfinden konnte, ging es trotzdem weiter und 13 Petitionen \u2013 so auch unsere \u2013 wurde im Sommer in einem Prozess mit Expert*innen und Community-Voting ausgew\u00e4hlt. Jetzt gehen\u00a0wir und\u00a0vier weitere der Gewinner-Petition den Weg in Richtung Bundestag.<\/p>\n<p><img loading=\"lazy\" decoding=\"async\" src=\"https:\/\/www.creditinitiative.eu\/wp-content\/uploads\/12062020olympia-1024x1024.jpg\" width=\"213\" height=\"213\" alt=\"\" class=\"wp-image-1041 alignnone size-large\" style=\"display: block; margin-left: auto; margin-right: auto;\" \/><\/p>\n<p>&nbsp;<\/p>\n<p dir=\"ltr\" style=\"text-align: center;\"><a href=\"https:\/\/www.12062020.de\/de\/petitionen\" target=\"_blank\" rel=\"noopener noreferrer\"><strong><span>Hier finden\u00a0Sie alle f\u00fcnf Petitionen<\/span><\/strong><\/a><\/p>[\/et_pb_text][\/et_pb_column][et_pb_column type=&#8220;1_5&#8243; _builder_version=&#8220;4.4.1&#8243;][\/et_pb_column][\/et_pb_row][\/et_pb_section][et_pb_section fb_built=&#8220;1&#8243; _builder_version=&#8220;3.28&#8243; custom_padding=&#8220;||0px|||&#8220;][et_pb_row _builder_version=&#8220;3.28&#8243; custom_margin=&#8220;-52px|auto||auto||&#8220;][et_pb_column type=&#8220;4_4&#8243; _builder_version=&#8220;3.28&#8243;][et_pb_divider color=&#8220;#4d5b61&#8243; divider_position=&#8220;center&#8220; _builder_version=&#8220;3.28&#8243; custom_margin=&#8220;16px||23px|||&#8220;][\/et_pb_divider][\/et_pb_column][\/et_pb_row][\/et_pb_section][et_pb_section fb_built=&#8220;1&#8243; _builder_version=&#8220;3.28&#8243; custom_margin=&#8220;-33px|||||&#8220; custom_padding=&#8220;68px|||||&#8220; global_module=&#8220;438&#8243; saved_tabs=&#8220;all&#8220;][et_pb_row column_structure=&#8220;1_3,1_3,1_3&#8243; _builder_version=&#8220;3.28&#8243; custom_margin=&#8220;-46px|auto|-1px|auto||&#8220; custom_padding=&#8220;0px||0px|||&#8220;][et_pb_column type=&#8220;1_3&#8243; _builder_version=&#8220;3.28&#8243;][et_pb_text _builder_version=&#8220;3.28&#8243; custom_margin=&#8220;12px||||false|false&#8220;]<p><span>Internationales Kulturzentrum Achberg e.V.<br \/> <\/span><span>Panoramastra\u00dfe 30<br \/> 88147 Achberg<br \/> DEUTSCHLAND <\/span><\/p>\n<p><span>+49 8380 500 <\/span><\/p>\n<p><span>IBAN: DE88 4306 0967 8233 3668 00<br \/> <\/span><span>GENODEM1GLS <\/span><\/p>\n<p><span><\/span><\/p>[\/et_pb_text][et_pb_text _builder_version=&#8220;3.28&#8243; custom_margin=&#8220;-12px||||false|false&#8220;]<p><span><a href=\"mailto:info@creditinitiative.eu \">info@creditinitiative.eu<br \/> <\/a><\/span><span><a href=\"http:\/\/www.creditinitiative.eu \">www.creditinitiative.eu<\/a><\/span><\/p>\n<p><span><\/span><\/p>\n<p><span><\/span><\/p>[\/et_pb_text][\/et_pb_column][et_pb_column type=&#8220;1_3&#8243; _builder_version=&#8220;3.28&#8243;][et_pb_text _builder_version=&#8220;3.28&#8243; custom_margin=&#8220;12px||||false|false&#8220;]<p><span>Initiativ-Gesellschaft EuroVision<br \/> <\/span><span>Brantinggasse 61<br \/> 1100 Wien<br \/> \u00d6STERREICH <\/span><\/p>\n<p><span>+43 650 941 32 64<\/span><\/p>\n<p><span>IBAN: AT09 6000 0000 9217 9671<br \/> BIC: OPSKATWW <\/span><\/p>\n<p><span><\/span><\/p>[\/et_pb_text][et_pb_text _builder_version=&#8220;3.28&#8243; custom_margin=&#8220;-12px||||false|false&#8220; custom_padding=&#8220;||||false|false&#8220;]<p><span><\/span><span style=\"font-size: 15px;\">Ansprechpersonen:<br \/> <\/span><span style=\"font-size: 15px;\">Gerhard Schuster und Daniel Schily<\/span><\/p>\n<p><span><\/span><\/p>[\/et_pb_text][\/et_pb_column][et_pb_column type=&#8220;1_3&#8243; _builder_version=&#8220;3.28&#8243;][et_pb_sidebar area=&#8220;et_pb_widget_area_1&#8243; show_border=&#8220;off&#8220; _builder_version=&#8220;3.28&#8243; custom_margin=&#8220;-18px|3px|||false|false&#8220;][\/et_pb_sidebar][\/et_pb_column][\/et_pb_row][et_pb_row column_structure=&#8220;3_5,2_5&#8243; _builder_version=&#8220;3.28&#8243; custom_margin=&#8220;-22px|auto|-57px|auto||&#8220; custom_padding=&#8220;||1px|||&#8220;][et_pb_column type=&#8220;3_5&#8243; _builder_version=&#8220;3.28&#8243;][et_pb_text _builder_version=&#8220;3.28&#8243; custom_margin=&#8220;-8px||||false|false&#8220;]<div>\n<p>\u00a9\u00a02020 | Internationales Kulturzentrum Achberg &amp; IG-EuroVision | <a href=\"\/impressum\" title=\"Impressum\">Impressum<\/a>\u00a0| <a href=\"\/datenschutz\" title=\"Datenschutz\">Datenschutz<\/a><\/p>\n<\/div>[\/et_pb_text][\/et_pb_column][et_pb_column type=&#8220;2_5&#8243; _builder_version=&#8220;3.28&#8243;][et_pb_text _builder_version=&#8220;4.4.0&#8243; transform_scale_last_edited=&#8220;off|desktop&#8220; transform_translate_last_edited=&#8220;off|desktop&#8220; transform_rotate_last_edited=&#8220;off|desktop&#8220; transform_skew_last_edited=&#8220;off|desktop&#8220; transform_origin_last_edited=&#8220;off|desktop&#8220; transform_styles_last_edited=&#8220;off|desktop&#8220; text_orientation=&#8220;right&#8220; custom_margin=&#8220;-10px||||false|false&#8220; text_font_size_tablet=&#8220;&#8220; text_font_size_phone=&#8220;7px&#8220; text_font_size_last_edited=&#8220;on|phone&#8220; text_orientation_tablet=&#8220;&#8220; text_orientation_phone=&#8220;left&#8220; text_orientation_last_edited=&#8220;on|phone&#8220;]<p><a href=\"https:\/\/www.facebook.com\/credit.initiative\" target=\"_blank\" rel=\"noopener noreferrer\"><img loading=\"lazy\" decoding=\"async\" src=\"https:\/\/www.creditinitiative.eu\/wp-content\/uploads\/facebook.png\" width=\"88\" height=\"23\" alt=\"\" class=\"wp-image-65 alignnone size-full\" \/><\/a>\u00a0 \u00a0 \u00a0<a href=\"https:\/\/twitter.com\/credit_eci\" target=\"_blank\" rel=\"noopener noreferrer\" title=\"Twitter\"><img loading=\"lazy\" decoding=\"async\" src=\"https:\/\/www.creditinitiative.eu\/wp-content\/uploads\/twitter.png\" width=\"27\" height=\"22\" alt=\"\" class=\"wp-image-83 alignnone size-full\" \/><\/a> \u00a0 \u00a0 \u00a0<a href=\"http:\/\/www.youtube.com\/c\/europe2019net\" target=\"_blank\" rel=\"noopener noreferrer\" title=\"YouTube\"><img loading=\"lazy\" decoding=\"async\" src=\"https:\/\/www.creditinitiative.eu\/wp-content\/uploads\/youtube.png\" width=\"53\" height=\"22\" alt=\"\" class=\"wp-image-85 alignnone size-full\" \/><\/a>\u00a0 \u00a0 \u00a0\u00a0<a href=\"https:\/\/soundcloud.com\/credit-initiative\" target=\"_blank\" rel=\"noopener noreferrer\" title=\"Soundcloud\"><img loading=\"lazy\" decoding=\"async\" src=\"https:\/\/www.creditinitiative.eu\/wp-content\/uploads\/soundcloud.png\" width=\"37\" height=\"21\" alt=\"\" class=\"wp-image-81 alignnone size-full\" \/><\/a>\u00a0 \u00a0 \u00a0\u00a0<a href=\"https:\/\/www.flickr.com\/photos\/europe2019\" target=\"_blank\" rel=\"noopener noreferrer\" title=\"Flickr\"><img loading=\"lazy\" decoding=\"async\" src=\"https:\/\/www.creditinitiative.eu\/wp-content\/uploads\/flickr.png\" width=\"64\" height=\"19\" alt=\"\" class=\"wp-image-67 alignnone size-full\" \/><\/a><\/p>[\/et_pb_text][\/et_pb_column][\/et_pb_row][\/et_pb_section]\n","protected":false},"excerpt":{"rendered":"<p>Wohin geht die Kreditinitiative und unsere Petition hinaus? Ein besinnlicher Newsletter zum Advent.<\/p>\n","protected":false},"author":2,"featured_media":1243,"comment_status":"closed","ping_status":"closed","sticky":false,"template":"","format":"standard","meta":{"_et_pb_use_builder":"on","_et_pb_old_content":"","_et_gb_content_width":"1080","footnotes":"","_links_to":"","_links_to_target":""},"categories":[40],"tags":[],"class_list":["post-1235","post","type-post","status-publish","format-standard","has-post-thumbnail","hentry","category-newsletter"],"_links":{"self":[{"href":"https:\/\/www.creditinitiative.eu\/de\/wp-json\/wp\/v2\/posts\/1235","targetHints":{"allow":["GET"]}}],"collection":[{"href":"https:\/\/www.creditinitiative.eu\/de\/wp-json\/wp\/v2\/posts"}],"about":[{"href":"https:\/\/www.creditinitiative.eu\/de\/wp-json\/wp\/v2\/types\/post"}],"author":[{"embeddable":true,"href":"https:\/\/www.creditinitiative.eu\/de\/wp-json\/wp\/v2\/users\/2"}],"replies":[{"embeddable":true,"href":"https:\/\/www.creditinitiative.eu\/de\/wp-json\/wp\/v2\/comments?post=1235"}],"version-history":[{"count":11,"href":"https:\/\/www.creditinitiative.eu\/de\/wp-json\/wp\/v2\/posts\/1235\/revisions"}],"predecessor-version":[{"id":1301,"href":"https:\/\/www.creditinitiative.eu\/de\/wp-json\/wp\/v2\/posts\/1235\/revisions\/1301"}],"wp:featuredmedia":[{"embeddable":true,"href":"https:\/\/www.creditinitiative.eu\/de\/wp-json\/wp\/v2\/media\/1243"}],"wp:attachment":[{"href":"https:\/\/www.creditinitiative.eu\/de\/wp-json\/wp\/v2\/media?parent=1235"}],"wp:term":[{"taxonomy":"category","embeddable":true,"href":"https:\/\/www.creditinitiative.eu\/de\/wp-json\/wp\/v2\/categories?post=1235"},{"taxonomy":"post_tag","embeddable":true,"href":"https:\/\/www.creditinitiative.eu\/de\/wp-json\/wp\/v2\/tags?post=1235"}],"curies":[{"name":"wp","href":"https:\/\/api.w.org\/{rel}","templated":true}]}}