{"id":1206,"date":"2020-12-03T16:54:26","date_gmt":"2020-12-03T16:54:26","guid":{"rendered":"https:\/\/www.creditinitiative.eu\/?p=1206"},"modified":"2021-02-20T14:38:22","modified_gmt":"2021-02-20T14:38:22","slug":"petition-an-den-bundestag-jetzt-unterschreiben","status":"publish","type":"post","link":"https:\/\/www.creditinitiative.eu\/de\/2020\/12\/03\/petition-an-den-bundestag-jetzt-unterschreiben\/","title":{"rendered":"Petition an den Bundestag \u2013 Jetzt unterschreiben!"},"content":{"rendered":"\n[et_pb_section fb_built=&#8220;1&#8243; _builder_version=&#8220;3.28&#8243; min_height=&#8220;315px&#8220; custom_margin=&#8220;||-13px|||&#8220; custom_padding=&#8220;0px||5px|||&#8220;][et_pb_row column_structure=&#8220;1_5,3_5,1_5&#8243; _builder_version=&#8220;4.4.1&#8243; custom_padding=&#8220;0px|||||&#8220;][et_pb_column type=&#8220;1_5&#8243; _builder_version=&#8220;4.4.1&#8243;][\/et_pb_column][et_pb_column type=&#8220;3_5&#8243; _builder_version=&#8220;4.4.1&#8243;][et_pb_text _builder_version=&#8220;4.5.0&#8243; custom_margin=&#8220;150px||0px|||&#8220;]<p>#12062020olympia \u2022\u00a0#bundestagspetition\u00a0\u2022\u00a0#jetztunterschreiben<\/p>[\/et_pb_text][et_pb_post_title date_format=&#8220;j. M Y&#8220; categories=&#8220;off&#8220; comments=&#8220;off&#8220; featured_image=&#8220;off&#8220; _builder_version=&#8220;4.5.0&#8243; title_text_color=&#8220;#fdc41f&#8220; meta_font=&#8220;||on||||||&#8220; meta_text_color=&#8220;#4d5b61&#8243; width=&#8220;85%&#8220; custom_margin=&#8220;8px|||||&#8220;][\/et_pb_post_title][et_pb_text _builder_version=&#8220;4.5.0&#8243; header_4_font=&#8220;|||on|||||&#8220; header_4_text_color=&#8220;#e84e0f&#8220; custom_margin=&#8220;24px||36px|||&#8220;]<p style=\"text-align: right;\">Newsletter\u00a0no 27<\/p>\n<p><strong><em>Liebe Leserin, lieber Leser unseres Newsletters!<\/em><\/strong><\/p>\n<p>Jetzt ging es ganz pl\u00f6tzlich und unsere Petition ist online!<\/p>\n<p>Bitte unterschreiben Sie f\u00fcr eine \u00f6kologische und soziale Wirtschaft und die daf\u00fcr notwendige profitunabh\u00e4ngige Unternehmensfinanzierung!<\/p>\n<p><a href=\"https:\/\/epetitionen.bundestag.de\/petitionen\/_2020\/_11\/_13\/Petition_117949.html\" target=\"_blank\" rel=\"noopener noreferrer\" title=\"Bundestag\">Hier geht es zur Petition auf der Seite des Bundestages<\/a><br \/> (Anmelden oder Registrieren und dann mitzeichnen)<\/p>\n<p>Die Wirtschaft ist das Wirkensfeld von uns Menschen, das dazu da ist, dass wir alle das haben, was wir zum Leben brauchen. Und zugleich ein Bereich, der korrumpiert ist durch einen Geldbegriff und eine Marktvorstellung, in denen es nur darum geht, dass der Einzelne seinen Vorteil verfolgt. Das Ganze ger\u00e4t dabei aus dem Blick und die Natur kommt derart an ihre Grenzen, dass schon f\u00fcr die jetzt lebenden Menschen der Kollaps droht.<\/p>\n<p>Wir k\u00f6nnen das \u00e4ndern und die gro\u00dfartigen Kr\u00e4fte, die in der Zusammenarbeit aller Menschen liegen, so miteinander in Verbindung bringen, dass wir alles das erm\u00f6glichen, was wir f\u00fcr ein gutes Leben f\u00fcr alle brauchen: Gute Kitas und Schulen, eine lebendige, bunte Kultur, kompromisslose \u00f6kologische Landwirtschaft und gesunde Ern\u00e4hrung, die Rettung der W\u00e4lder und Ozeane, nachhaltige Formen der Mobilit\u00e4t bis hin zum Bereich der Gesundheit und Pflege. Das Geld daf\u00fcr steht uns zur Verf\u00fcgung, wenn wir Wege er\u00f6ffnen, in denen es uns dient und als ein Ausdruck unser menschlichen Vereinbarungen \u00fcber das verstanden wird, was wir brauchen und wollen.<\/p>\n<p>Die Petition kann bis zum 30. Dezember von allen Menschen unterzeichnet werden. Bitte teilen Sie auch ihren Bekannten und Freunden diese M\u00f6glichkeit mit.<\/p>\n<p>Mit herzlichen Gr\u00fc\u00dfen<\/p>\n<p><img loading=\"lazy\" decoding=\"async\" src=\"https:\/\/www.creditinitiative.eu\/wp-content\/uploads\/unterschrift_gerhard_schuster_1-1024x435.jpg\" width=\"302\" height=\"128\" alt=\"\" class=\"wp-image-1186 alignnone size-large\" \/><br \/> Gerhard Schuster<\/p>[\/et_pb_text][et_pb_divider _builder_version=&#8220;4.5.0&#8243; _module_preset=&#8220;default&#8220; custom_margin=&#8220;||22px|||&#8220;][\/et_pb_divider][et_pb_image src=&#8220;https:\/\/www.creditinitiative.eu\/wp-content\/uploads\/gs_statement.jpeg&#8220; title_text=&#8220;gs_statement&#8220; _builder_version=&#8220;4.5.0&#8243; _module_preset=&#8220;default&#8220; width=&#8220;82%&#8220; module_alignment=&#8220;center&#8220; border_radii=&#8220;on|18px|18px|18px|18px&#8220;][\/et_pb_image][et_pb_text _builder_version=&#8220;4.5.0&#8243; _module_preset=&#8220;default&#8220; text_font_size=&#8220;20px&#8220;]<p style=\"text-align: center;\"><strong>Hier k\u00f6nnen Sie die Petition der\u00a0European Credit Initiative\u00a0mitzeichnen!<\/strong><\/p>[\/et_pb_text][et_pb_button button_url=&#8220;https:\/\/epetitionen.bundestag.de\/petitionen\/_2020\/_11\/_13\/Petition_117949.html&#8220; url_new_window=&#8220;on&#8220; button_text=&#8220;JETZT UNTERZEICHNEN!&#8220; button_alignment=&#8220;center&#8220; _builder_version=&#8220;4.5.0&#8243; _module_preset=&#8220;default&#8220;][\/et_pb_button][et_pb_text _builder_version=&#8220;4.5.0&#8243; _module_preset=&#8220;default&#8220;]<p>Die Unterst\u00fctzung der Petitionen erfolgt auf der <strong>Webseite des Deutschen Bundestages<\/strong>. Sie\u00a0m\u00fcssen sich\u00a0\u2013 sofern\u00a0nicht schon fr\u00fcher geschehen \u2013 auf der Petitions-Seite des Deutschen Bundestages registrieren. Das angelegte Konto gilt auch f\u00fcr sp\u00e4ter, wenn Sie weitere\u00a0Petitionen unterzeichnen oder eigene einbringen wollen.<\/p>\n<p><strong>\u00dcbrigens:\u00a0Jeder Mensch kann eine Petition an den Deutschen Bundestag unterst\u00fctzen \u2013 nicht nur deutsche Staatsb\u00fcrger*innen!<\/strong><\/p>[\/et_pb_text][et_pb_divider _builder_version=&#8220;4.5.0&#8243; _module_preset=&#8220;default&#8220; custom_margin=&#8220;||22px|||&#8220;][\/et_pb_divider][et_pb_text _builder_version=&#8220;4.5.0&#8243; _module_preset=&#8220;default&#8220;]<p dir=\"ltr\" style=\"text-align: center;\">Wir starten mit unserer Petition auch im Rahmen von 12062020\u00a0Olympia.<br \/> Nachdem das gro\u00dfe Event im Berliner Olympia-Stadion wegen Corona nicht stattfinden konnte, ging es trotzdem weiter und 13 Petitionen \u2013 so auch unsere \u2013 wurde im Sommer in einem Prozess mit Expert*innen und Community-Voting ausgew\u00e4hlt. Jetzt gehen\u00a0wir und\u00a0vier weitere der Gewinner-Petition den Weg in Richtung Bundestag.<\/p>\n<p><img loading=\"lazy\" decoding=\"async\" src=\"https:\/\/www.creditinitiative.eu\/wp-content\/uploads\/12062020olympia-1024x1024.jpg\" width=\"213\" height=\"213\" alt=\"\" class=\"wp-image-1041 alignnone size-large\" style=\"display: block; margin-left: auto; margin-right: auto;\" \/><\/p>\n<p>&nbsp;<\/p>\n<p dir=\"ltr\" style=\"text-align: center;\"><a href=\"https:\/\/www.12062020.de\/de\/petitionen\" target=\"_blank\" rel=\"noopener noreferrer\"><strong><span>Hier finden\u00a0Sie alle f\u00fcnf Petitionen<\/span><\/strong><\/a><\/p>[\/et_pb_text][\/et_pb_column][et_pb_column type=&#8220;1_5&#8243; _builder_version=&#8220;4.4.1&#8243;][\/et_pb_column][\/et_pb_row][\/et_pb_section][et_pb_section fb_built=&#8220;1&#8243; _builder_version=&#8220;3.28&#8243; custom_padding=&#8220;||0px|||&#8220;][et_pb_row _builder_version=&#8220;3.28&#8243; custom_margin=&#8220;-52px|auto||auto||&#8220;][et_pb_column type=&#8220;4_4&#8243; _builder_version=&#8220;3.28&#8243;][et_pb_divider color=&#8220;#4d5b61&#8243; divider_position=&#8220;center&#8220; _builder_version=&#8220;3.28&#8243; custom_margin=&#8220;16px||23px|||&#8220;][\/et_pb_divider][\/et_pb_column][\/et_pb_row][\/et_pb_section][et_pb_section fb_built=&#8220;1&#8243; _builder_version=&#8220;3.28&#8243; custom_margin=&#8220;-33px|||||&#8220; custom_padding=&#8220;68px|||||&#8220; global_module=&#8220;438&#8243; saved_tabs=&#8220;all&#8220;][et_pb_row column_structure=&#8220;1_3,1_3,1_3&#8243; _builder_version=&#8220;3.28&#8243; custom_margin=&#8220;-46px|auto|-1px|auto||&#8220; custom_padding=&#8220;0px||0px|||&#8220;][et_pb_column type=&#8220;1_3&#8243; _builder_version=&#8220;3.28&#8243;][et_pb_text _builder_version=&#8220;3.28&#8243; custom_margin=&#8220;12px||||false|false&#8220;]<p><span>Internationales Kulturzentrum Achberg e.V.<br \/> <\/span><span>Panoramastra\u00dfe 30<br \/> 88147 Achberg<br \/> DEUTSCHLAND <\/span><\/p>\n<p><span>+49 8380 500 <\/span><\/p>\n<p><span>IBAN: DE88 4306 0967 8233 3668 00<br \/> <\/span><span>GENODEM1GLS <\/span><\/p>\n<p><span><\/span><\/p>[\/et_pb_text][et_pb_text _builder_version=&#8220;3.28&#8243; custom_margin=&#8220;-12px||||false|false&#8220;]<p><span><a href=\"mailto:info@creditinitiative.eu \">info@creditinitiative.eu<br \/> <\/a><\/span><span><a href=\"http:\/\/www.creditinitiative.eu \">www.creditinitiative.eu<\/a><\/span><\/p>\n<p><span><\/span><\/p>\n<p><span><\/span><\/p>[\/et_pb_text][\/et_pb_column][et_pb_column type=&#8220;1_3&#8243; _builder_version=&#8220;3.28&#8243;][et_pb_text _builder_version=&#8220;3.28&#8243; custom_margin=&#8220;12px||||false|false&#8220;]<p><span>Initiativ-Gesellschaft EuroVision<br \/> <\/span><span>Brantinggasse 61<br \/> 1100 Wien<br \/> \u00d6STERREICH <\/span><\/p>\n<p><span>+43 650 941 32 64<\/span><\/p>\n<p><span>IBAN: AT09 6000 0000 9217 9671<br \/> BIC: OPSKATWW <\/span><\/p>\n<p><span><\/span><\/p>[\/et_pb_text][et_pb_text _builder_version=&#8220;3.28&#8243; custom_margin=&#8220;-12px||||false|false&#8220; custom_padding=&#8220;||||false|false&#8220;]<p><span><\/span><span style=\"font-size: 15px;\">Ansprechpersonen:<br \/> <\/span><span style=\"font-size: 15px;\">Gerhard Schuster und Daniel Schily<\/span><\/p>\n<p><span><\/span><\/p>[\/et_pb_text][\/et_pb_column][et_pb_column type=&#8220;1_3&#8243; _builder_version=&#8220;3.28&#8243;][et_pb_sidebar area=&#8220;et_pb_widget_area_1&#8243; show_border=&#8220;off&#8220; _builder_version=&#8220;3.28&#8243; custom_margin=&#8220;-18px|3px|||false|false&#8220;][\/et_pb_sidebar][\/et_pb_column][\/et_pb_row][et_pb_row column_structure=&#8220;3_5,2_5&#8243; _builder_version=&#8220;3.28&#8243; custom_margin=&#8220;-22px|auto|-57px|auto||&#8220; custom_padding=&#8220;||1px|||&#8220;][et_pb_column type=&#8220;3_5&#8243; _builder_version=&#8220;3.28&#8243;][et_pb_text _builder_version=&#8220;3.28&#8243; custom_margin=&#8220;-8px||||false|false&#8220;]<div>\n<p>\u00a9\u00a02020 | Internationales Kulturzentrum Achberg &amp; IG-EuroVision | <a href=\"\/impressum\" title=\"Impressum\">Impressum<\/a>\u00a0| <a href=\"\/datenschutz\" title=\"Datenschutz\">Datenschutz<\/a><\/p>\n<\/div>[\/et_pb_text][\/et_pb_column][et_pb_column type=&#8220;2_5&#8243; _builder_version=&#8220;3.28&#8243;][et_pb_text _builder_version=&#8220;4.4.0&#8243; transform_scale_last_edited=&#8220;off|desktop&#8220; transform_translate_last_edited=&#8220;off|desktop&#8220; transform_rotate_last_edited=&#8220;off|desktop&#8220; transform_skew_last_edited=&#8220;off|desktop&#8220; transform_origin_last_edited=&#8220;off|desktop&#8220; transform_styles_last_edited=&#8220;off|desktop&#8220; text_orientation=&#8220;right&#8220; custom_margin=&#8220;-10px||||false|false&#8220; text_font_size_tablet=&#8220;&#8220; text_font_size_phone=&#8220;7px&#8220; text_font_size_last_edited=&#8220;on|phone&#8220; text_orientation_tablet=&#8220;&#8220; text_orientation_phone=&#8220;left&#8220; text_orientation_last_edited=&#8220;on|phone&#8220;]<p><a href=\"https:\/\/www.facebook.com\/credit.initiative\" target=\"_blank\" rel=\"noopener noreferrer\"><img loading=\"lazy\" decoding=\"async\" src=\"https:\/\/www.creditinitiative.eu\/wp-content\/uploads\/facebook.png\" width=\"88\" height=\"23\" alt=\"\" class=\"wp-image-65 alignnone size-full\" \/><\/a>\u00a0 \u00a0 \u00a0<a href=\"https:\/\/twitter.com\/credit_eci\" target=\"_blank\" rel=\"noopener noreferrer\" title=\"Twitter\"><img loading=\"lazy\" decoding=\"async\" src=\"https:\/\/www.creditinitiative.eu\/wp-content\/uploads\/twitter.png\" width=\"27\" height=\"22\" alt=\"\" class=\"wp-image-83 alignnone size-full\" \/><\/a> \u00a0 \u00a0 \u00a0<a href=\"http:\/\/www.youtube.com\/c\/europe2019net\" target=\"_blank\" rel=\"noopener noreferrer\" title=\"YouTube\"><img loading=\"lazy\" decoding=\"async\" src=\"https:\/\/www.creditinitiative.eu\/wp-content\/uploads\/youtube.png\" width=\"53\" height=\"22\" alt=\"\" class=\"wp-image-85 alignnone size-full\" \/><\/a>\u00a0 \u00a0 \u00a0\u00a0<a href=\"https:\/\/soundcloud.com\/credit-initiative\" target=\"_blank\" rel=\"noopener noreferrer\" title=\"Soundcloud\"><img loading=\"lazy\" decoding=\"async\" src=\"https:\/\/www.creditinitiative.eu\/wp-content\/uploads\/soundcloud.png\" width=\"37\" height=\"21\" alt=\"\" class=\"wp-image-81 alignnone size-full\" \/><\/a>\u00a0 \u00a0 \u00a0\u00a0<a href=\"https:\/\/www.flickr.com\/photos\/europe2019\" target=\"_blank\" rel=\"noopener noreferrer\" title=\"Flickr\"><img loading=\"lazy\" decoding=\"async\" src=\"https:\/\/www.creditinitiative.eu\/wp-content\/uploads\/flickr.png\" width=\"64\" height=\"19\" alt=\"\" class=\"wp-image-67 alignnone size-full\" \/><\/a><\/p>[\/et_pb_text][\/et_pb_column][\/et_pb_row][\/et_pb_section]\n","protected":false},"excerpt":{"rendered":"<p>Jetzt kam es ganz pl\u00f6tzlich und unsere Petition ist online \u2013 Unterschreiben Sie jetzt!<\/p>\n","protected":false},"author":4,"featured_media":1209,"comment_status":"closed","ping_status":"closed","sticky":false,"template":"","format":"standard","meta":{"_et_pb_use_builder":"on","_et_pb_old_content":"","_et_gb_content_width":"1080","footnotes":"","_links_to":"","_links_to_target":""},"categories":[36,40],"tags":[],"class_list":["post-1206","post","type-post","status-publish","format-standard","has-post-thumbnail","hentry","category-aktuelles","category-newsletter"],"_links":{"self":[{"href":"https:\/\/www.creditinitiative.eu\/de\/wp-json\/wp\/v2\/posts\/1206","targetHints":{"allow":["GET"]}}],"collection":[{"href":"https:\/\/www.creditinitiative.eu\/de\/wp-json\/wp\/v2\/posts"}],"about":[{"href":"https:\/\/www.creditinitiative.eu\/de\/wp-json\/wp\/v2\/types\/post"}],"author":[{"embeddable":true,"href":"https:\/\/www.creditinitiative.eu\/de\/wp-json\/wp\/v2\/users\/4"}],"replies":[{"embeddable":true,"href":"https:\/\/www.creditinitiative.eu\/de\/wp-json\/wp\/v2\/comments?post=1206"}],"version-history":[{"count":9,"href":"https:\/\/www.creditinitiative.eu\/de\/wp-json\/wp\/v2\/posts\/1206\/revisions"}],"predecessor-version":[{"id":1386,"href":"https:\/\/www.creditinitiative.eu\/de\/wp-json\/wp\/v2\/posts\/1206\/revisions\/1386"}],"wp:featuredmedia":[{"embeddable":true,"href":"https:\/\/www.creditinitiative.eu\/de\/wp-json\/wp\/v2\/media\/1209"}],"wp:attachment":[{"href":"https:\/\/www.creditinitiative.eu\/de\/wp-json\/wp\/v2\/media?parent=1206"}],"wp:term":[{"taxonomy":"category","embeddable":true,"href":"https:\/\/www.creditinitiative.eu\/de\/wp-json\/wp\/v2\/categories?post=1206"},{"taxonomy":"post_tag","embeddable":true,"href":"https:\/\/www.creditinitiative.eu\/de\/wp-json\/wp\/v2\/tags?post=1206"}],"curies":[{"name":"wp","href":"https:\/\/api.w.org\/{rel}","templated":true}]}}