{"id":1040,"date":"2020-07-13T12:42:05","date_gmt":"2020-07-13T12:42:05","guid":{"rendered":"https:\/\/www.creditinitiative.eu\/?p=1040"},"modified":"2020-12-01T07:21:55","modified_gmt":"2020-12-01T07:21:55","slug":"petition-unternehmensziel-sinn","status":"publish","type":"post","link":"https:\/\/www.creditinitiative.eu\/de\/2020\/07\/13\/petition-unternehmensziel-sinn\/","title":{"rendered":"Petition: &#8222;Unternehmensziel SINN&#8220; \u2013 jetzt mit abstimmen!"},"content":{"rendered":"\n[et_pb_section fb_built=&#8220;1&#8243; _builder_version=&#8220;3.28&#8243; min_height=&#8220;315px&#8220; custom_margin=&#8220;||-13px|||&#8220; custom_padding=&#8220;0px||5px|||&#8220;][et_pb_row column_structure=&#8220;1_5,3_5,1_5&#8243; _builder_version=&#8220;4.4.1&#8243; custom_padding=&#8220;0px|||||&#8220;][et_pb_column type=&#8220;1_5&#8243; _builder_version=&#8220;4.4.1&#8243;][\/et_pb_column][et_pb_column type=&#8220;3_5&#8243; _builder_version=&#8220;4.4.1&#8243;][et_pb_text _builder_version=&#8220;4.5.0&#8243; custom_margin=&#8220;150px||0px|||&#8220;]<p>#12062020olympia \u2022\u00a0#communityvoting<\/p>[\/et_pb_text][et_pb_post_title date_format=&#8220;j. M Y&#8220; categories=&#8220;off&#8220; comments=&#8220;off&#8220; featured_image=&#8220;off&#8220; _builder_version=&#8220;4.5.0&#8243; title_text_color=&#8220;#fdc41f&#8220; meta_font=&#8220;||on||||||&#8220; meta_text_color=&#8220;#4d5b61&#8243; width=&#8220;85%&#8220; custom_margin=&#8220;8px|||||&#8220;][\/et_pb_post_title][et_pb_text _builder_version=&#8220;4.5.0&#8243; header_4_font=&#8220;|||on|||||&#8220; header_4_text_color=&#8220;#e84e0f&#8220; custom_margin=&#8220;24px|||||&#8220;]<h4><img loading=\"lazy\" decoding=\"async\" src=\"https:\/\/www.creditinitiative.eu\/wp-content\/uploads\/12062020olympia-1024x1024.jpg\" width=\"183\" height=\"183\" alt=\"\" class=\"wp-image-1041 alignnone size-large\" style=\"float: right;\" \/><span style=\"font-size: 15px; color: #4d5b61;\">Bis zum 26. Juli 2020 l\u00e4uft das \u00a0<\/span><strong style=\"font-size: 15px; color: #4d5b61;\">COMMUNITY-VOTING<\/strong><span style=\"font-size: 15px; color: #4d5b61;\"> <\/span><strong style=\"font-size: 15px; color: #4d5b61;\">bei 12062020 Olympia!<\/strong><\/h4>\n<p>Unsere Petition <strong>&#8222;Unternehmensziel SINN, profitunabh\u00e4ngig finanziert&#8220;<\/strong> hat eine Expert*innen-Empfehlung bekommen! Das freut uns besonders und es gibt einen guten Anschub!<\/p>\n<div class=\"text_exposed_show\">\n<p><a href=\"https:\/\/petitionen.12062020.de\/budgets\/1\/investments\/71?fbclid=IwAR1T145JlQr25uCy9pWD6JitmpbrkWnwTu7bnFtATQCX76LDkRrzSxdY0CM\" target=\"_blank\" data-ft=\"{&quot;tn&quot;:&quot;-U&quot;}\" rel=\"noopener nofollow noreferrer\" data-lynx-mode=\"origin\" data-lynx-uri=\"https:\/\/l.facebook.com\/l.php?u=https%3A%2F%2Fpetitionen.12062020.de%2Fbudgets%2F1%2Finvestments%2F71%3Ffbclid%3DIwAR1T145JlQr25uCy9pWD6JitmpbrkWnwTu7bnFtATQCX76LDkRrzSxdY0CM&amp;h=AT2sGDHEvnXP01hDRsxYUizSkf6nWbOPv_E344llZbVwTv1Ubxnk33nxWmBZWuKFOt2ZSYMooyGAX5ir_RwIRnrnkVP5sDSpCmDqurHYEbXA4o0458N4gKxlLeaFuOmk1a0i2hACUeOzsw86ImVvbzKZsNZcOkuXU7OIewJsIx5HaYegOTGQGHO0l50KZTCcdiF8e-Lf4Pvbdma0PbdLT6aDPkvGkTqh-ToJgCIzqmxdDweiuaLnOlwWZqdiAp_uVHcsywr8is9I2T6QvAWYF2YgHGjec_fGPH01XGMNznLmz3jY2wbgZw7eLMP-0PQNsg0J81sr86HJDUgEnJtnphBay9YhPcC2pe0h5_1CvHpdrrjxOgkkWds4EipMGtWgr-hmD1KN9AAah_PsEf2fHp4hMOlcqm_HqefzrtkwOzWNXOnQEdE_uoX_hKcfX1cnS6kFCmPE1bpWzOlVE7C5quh6Sxtyipq60aMWR65bdYPc9pL1U0VrXh0VJObtSeGzW11AxKE-TttzaN_u451CRX_kIs5zyJI8uFC5n2JjG6THsdxFljiaRaj20ypLV9rIxVmIes8avmpdhjVYY0KABq-3E2zfzpIhdeNRxkiqZsnBrLbSLr0rIZT7862zBl1Pv1B7CtdE3iwILo8IveVsQAxh\"><\/a><\/p>\n<\/div>[\/et_pb_text][et_pb_button button_url=&#8220;https:\/\/petitionen.12062020.de\/budgets\/1\/investments\/71&#8243; url_new_window=&#8220;on&#8220; button_text=&#8220;BITTE JETZT VOTEN!&#8220; button_alignment=&#8220;left&#8220; _builder_version=&#8220;4.5.0&#8243; _module_preset=&#8220;default&#8220;][\/et_pb_button][et_pb_text _builder_version=&#8220;4.5.0&#8243; _module_preset=&#8220;default&#8220;]<p>Die Wirtschaft bekommt in der Corona-Krise gro\u00dfe Summen an staatlichen Hilfen. Schaffen wir doch jetzt zugleich einen permanenten Weg der profitunabh\u00e4ngigen Finanzierung f\u00fcr gemeinwohlorientierte Unternehmen!\u00a0<a href=\"https:\/\/petitionen.12062020.de\/budgets\/1\/investments\/71\" target=\"_blank\" rel=\"noopener noreferrer\" title=\"jetzt voten!\">Bitte unterst\u00fctzen Sie unsere Petition!<br \/> <\/a>(Daf\u00fcr bitte auf der Plattform registrieren und danach abstimmen)<span style=\"font-size: 15px;\">\u00a0<\/span><\/p>\n<p>Urspr\u00fcnglich sollten sich am 12. Juni 2020 im Berliner Olympiastadion 50.000 Menschen versammeln, um an diesem Tag gemeinsam eine vorher ausgew\u00e4hlte Zahl von Petitionen an den Deutschen Bundestag zu unterst\u00fctzen. Die Finanzierung der Veranstaltung kam in einer gro\u00dfen Crowdfunding-Aktion zusammen, musste aber leider wegen Corona abgesagt werden.<span style=\"font-size: 15px;\">\u00a0<\/span><\/p>\n<p>Doch die Idee wurde in anderer Weise fortgesetzt und ist jetzt in der Phase des <strong>Community-Votings<\/strong> angekommen. Nachdem drei Entw\u00fcrfe schon feststehen, werden jetzt 10 weitere bestimmt. Am Ende werden die ausgew\u00e4hlten Petitionen offiziell an den deutschen Bundestag gerichtet! Von ca. 280 Vorschl\u00e4gen wurden 20 Petitionen von den Expert*innen als besonders vielversprechend empfohlen. Unser Entwurf \u00a0&#8222;Unternehmensziel SINN, profitunabh\u00e4ngig finanziert&#8220; geh\u00f6rt dazu.<\/p>[\/et_pb_text][\/et_pb_column][et_pb_column type=&#8220;1_5&#8243; _builder_version=&#8220;4.4.1&#8243;][\/et_pb_column][\/et_pb_row][\/et_pb_section][et_pb_section fb_built=&#8220;1&#8243; _builder_version=&#8220;3.28&#8243; custom_padding=&#8220;||0px|||&#8220;][et_pb_row _builder_version=&#8220;3.28&#8243; custom_margin=&#8220;-52px|auto||auto||&#8220;][et_pb_column type=&#8220;4_4&#8243; _builder_version=&#8220;3.28&#8243;][et_pb_divider color=&#8220;#4d5b61&#8243; divider_position=&#8220;center&#8220; _builder_version=&#8220;3.28&#8243; custom_margin=&#8220;16px||23px|||&#8220;][\/et_pb_divider][\/et_pb_column][\/et_pb_row][\/et_pb_section][et_pb_section fb_built=&#8220;1&#8243; _builder_version=&#8220;3.28&#8243; custom_margin=&#8220;-33px|||||&#8220; custom_padding=&#8220;68px|||||&#8220; global_module=&#8220;438&#8243; saved_tabs=&#8220;all&#8220;][et_pb_row column_structure=&#8220;1_3,1_3,1_3&#8243; _builder_version=&#8220;3.28&#8243; custom_margin=&#8220;-46px|auto|-1px|auto||&#8220; custom_padding=&#8220;0px||0px|||&#8220;][et_pb_column type=&#8220;1_3&#8243; _builder_version=&#8220;3.28&#8243;][et_pb_text _builder_version=&#8220;3.28&#8243; custom_margin=&#8220;12px||||false|false&#8220;]<p><span>Internationales Kulturzentrum Achberg e.V.<br \/> <\/span><span>Panoramastra\u00dfe 30<br \/> 88147 Achberg<br \/> DEUTSCHLAND <\/span><\/p>\n<p><span>+49 8380 500 <\/span><\/p>\n<p><span>IBAN: DE88 4306 0967 8233 3668 00<br \/> <\/span><span>GENODEM1GLS <\/span><\/p>\n<p><span><\/span><\/p>[\/et_pb_text][et_pb_text _builder_version=&#8220;3.28&#8243; custom_margin=&#8220;-12px||||false|false&#8220;]<p><span><a href=\"mailto:info@creditinitiative.eu \">info@creditinitiative.eu<br \/> <\/a><\/span><span><a href=\"http:\/\/www.creditinitiative.eu \">www.creditinitiative.eu<\/a><\/span><\/p>\n<p><span><\/span><\/p>\n<p><span><\/span><\/p>[\/et_pb_text][\/et_pb_column][et_pb_column type=&#8220;1_3&#8243; _builder_version=&#8220;3.28&#8243;][et_pb_text _builder_version=&#8220;3.28&#8243; custom_margin=&#8220;12px||||false|false&#8220;]<p><span>Initiativ-Gesellschaft EuroVision<br \/> <\/span><span>Brantinggasse 61<br \/> 1100 Wien<br \/> \u00d6STERREICH <\/span><\/p>\n<p><span>+43 650 941 32 64<\/span><\/p>\n<p><span>IBAN: AT09 6000 0000 9217 9671<br \/> BIC: OPSKATWW <\/span><\/p>\n<p><span><\/span><\/p>[\/et_pb_text][et_pb_text _builder_version=&#8220;3.28&#8243; custom_margin=&#8220;-12px||||false|false&#8220; custom_padding=&#8220;||||false|false&#8220;]<p><span><\/span><span style=\"font-size: 15px;\">Ansprechpersonen:<br \/> <\/span><span style=\"font-size: 15px;\">Gerhard Schuster und Daniel Schily<\/span><\/p>\n<p><span><\/span><\/p>[\/et_pb_text][\/et_pb_column][et_pb_column type=&#8220;1_3&#8243; _builder_version=&#8220;3.28&#8243;][et_pb_sidebar area=&#8220;et_pb_widget_area_1&#8243; show_border=&#8220;off&#8220; _builder_version=&#8220;3.28&#8243; custom_margin=&#8220;-18px|3px|||false|false&#8220;][\/et_pb_sidebar][\/et_pb_column][\/et_pb_row][et_pb_row column_structure=&#8220;3_5,2_5&#8243; _builder_version=&#8220;3.28&#8243; custom_margin=&#8220;-22px|auto|-57px|auto||&#8220; custom_padding=&#8220;||1px|||&#8220;][et_pb_column type=&#8220;3_5&#8243; _builder_version=&#8220;3.28&#8243;][et_pb_text _builder_version=&#8220;3.28&#8243; custom_margin=&#8220;-8px||||false|false&#8220;]<div>\n<p>\u00a9\u00a02020 | Internationales Kulturzentrum Achberg &amp; IG-EuroVision | <a href=\"\/impressum\" title=\"Impressum\">Impressum<\/a>\u00a0| <a href=\"\/datenschutz\" title=\"Datenschutz\">Datenschutz<\/a><\/p>\n<\/div>[\/et_pb_text][\/et_pb_column][et_pb_column type=&#8220;2_5&#8243; _builder_version=&#8220;3.28&#8243;][et_pb_text _builder_version=&#8220;4.4.0&#8243; transform_scale_last_edited=&#8220;off|desktop&#8220; transform_translate_last_edited=&#8220;off|desktop&#8220; transform_rotate_last_edited=&#8220;off|desktop&#8220; transform_skew_last_edited=&#8220;off|desktop&#8220; transform_origin_last_edited=&#8220;off|desktop&#8220; transform_styles_last_edited=&#8220;off|desktop&#8220; text_orientation=&#8220;right&#8220; custom_margin=&#8220;-10px||||false|false&#8220; text_font_size_tablet=&#8220;&#8220; text_font_size_phone=&#8220;7px&#8220; text_font_size_last_edited=&#8220;on|phone&#8220; text_orientation_tablet=&#8220;&#8220; text_orientation_phone=&#8220;left&#8220; text_orientation_last_edited=&#8220;on|phone&#8220;]<p><a href=\"https:\/\/www.facebook.com\/credit.initiative\" target=\"_blank\" rel=\"noopener noreferrer\"><img loading=\"lazy\" decoding=\"async\" src=\"https:\/\/www.creditinitiative.eu\/wp-content\/uploads\/facebook.png\" width=\"88\" height=\"23\" alt=\"\" class=\"wp-image-65 alignnone size-full\" \/><\/a>\u00a0 \u00a0 \u00a0<a href=\"https:\/\/twitter.com\/credit_eci\" target=\"_blank\" rel=\"noopener noreferrer\" title=\"Twitter\"><img loading=\"lazy\" decoding=\"async\" src=\"https:\/\/www.creditinitiative.eu\/wp-content\/uploads\/twitter.png\" width=\"27\" height=\"22\" alt=\"\" class=\"wp-image-83 alignnone size-full\" \/><\/a> \u00a0 \u00a0 \u00a0<a href=\"http:\/\/www.youtube.com\/c\/europe2019net\" target=\"_blank\" rel=\"noopener noreferrer\" title=\"YouTube\"><img loading=\"lazy\" decoding=\"async\" src=\"https:\/\/www.creditinitiative.eu\/wp-content\/uploads\/youtube.png\" width=\"53\" height=\"22\" alt=\"\" class=\"wp-image-85 alignnone size-full\" \/><\/a>\u00a0 \u00a0 \u00a0\u00a0<a href=\"https:\/\/soundcloud.com\/credit-initiative\" target=\"_blank\" rel=\"noopener noreferrer\" title=\"Soundcloud\"><img loading=\"lazy\" decoding=\"async\" src=\"https:\/\/www.creditinitiative.eu\/wp-content\/uploads\/soundcloud.png\" width=\"37\" height=\"21\" alt=\"\" class=\"wp-image-81 alignnone size-full\" \/><\/a>\u00a0 \u00a0 \u00a0\u00a0<a href=\"https:\/\/www.flickr.com\/photos\/europe2019\" target=\"_blank\" rel=\"noopener noreferrer\" title=\"Flickr\"><img loading=\"lazy\" decoding=\"async\" src=\"https:\/\/www.creditinitiative.eu\/wp-content\/uploads\/flickr.png\" width=\"64\" height=\"19\" alt=\"\" class=\"wp-image-67 alignnone size-full\" \/><\/a><\/p>[\/et_pb_text][\/et_pb_column][\/et_pb_row][\/et_pb_section]\n","protected":false},"excerpt":{"rendered":"<p>Bitte stimmt f\u00fcr unsere Petition im Community Voting von 12062020 Olympia!<\/p>\n","protected":false},"author":1,"featured_media":1071,"comment_status":"closed","ping_status":"closed","sticky":false,"template":"","format":"standard","meta":{"_et_pb_use_builder":"on","_et_pb_old_content":"","_et_gb_content_width":"1080","footnotes":"","_links_to":"","_links_to_target":""},"categories":[34],"tags":[],"class_list":["post-1040","post","type-post","status-publish","format-standard","has-post-thumbnail","hentry","category-aktion"],"_links":{"self":[{"href":"https:\/\/www.creditinitiative.eu\/de\/wp-json\/wp\/v2\/posts\/1040","targetHints":{"allow":["GET"]}}],"collection":[{"href":"https:\/\/www.creditinitiative.eu\/de\/wp-json\/wp\/v2\/posts"}],"about":[{"href":"https:\/\/www.creditinitiative.eu\/de\/wp-json\/wp\/v2\/types\/post"}],"author":[{"embeddable":true,"href":"https:\/\/www.creditinitiative.eu\/de\/wp-json\/wp\/v2\/users\/1"}],"replies":[{"embeddable":true,"href":"https:\/\/www.creditinitiative.eu\/de\/wp-json\/wp\/v2\/comments?post=1040"}],"version-history":[{"count":23,"href":"https:\/\/www.creditinitiative.eu\/de\/wp-json\/wp\/v2\/posts\/1040\/revisions"}],"predecessor-version":[{"id":1145,"href":"https:\/\/www.creditinitiative.eu\/de\/wp-json\/wp\/v2\/posts\/1040\/revisions\/1145"}],"wp:featuredmedia":[{"embeddable":true,"href":"https:\/\/www.creditinitiative.eu\/de\/wp-json\/wp\/v2\/media\/1071"}],"wp:attachment":[{"href":"https:\/\/www.creditinitiative.eu\/de\/wp-json\/wp\/v2\/media?parent=1040"}],"wp:term":[{"taxonomy":"category","embeddable":true,"href":"https:\/\/www.creditinitiative.eu\/de\/wp-json\/wp\/v2\/categories?post=1040"},{"taxonomy":"post_tag","embeddable":true,"href":"https:\/\/www.creditinitiative.eu\/de\/wp-json\/wp\/v2\/tags?post=1040"}],"curies":[{"name":"wp","href":"https:\/\/api.w.org\/{rel}","templated":true}]}}