{"id":1018,"date":"2020-07-03T11:37:00","date_gmt":"2020-07-03T11:37:00","guid":{"rendered":"https:\/\/www.creditinitiative.eu\/?p=1018"},"modified":"2020-12-10T12:42:36","modified_gmt":"2020-12-10T12:42:36","slug":"dome-talks-mit-fridays-for-future","status":"publish","type":"post","link":"https:\/\/www.creditinitiative.eu\/de\/2020\/07\/03\/dome-talks-mit-fridays-for-future\/","title":{"rendered":"Dome-Talks mit Fridays for Future in Wien"},"content":{"rendered":"\n[et_pb_section fb_built=&#8220;1&#8243; _builder_version=&#8220;3.28&#8243; min_height=&#8220;315px&#8220; custom_margin=&#8220;||-13px|||&#8220; custom_padding=&#8220;0px||5px|||&#8220;][et_pb_row column_structure=&#8220;1_5,3_5,1_5&#8243; _builder_version=&#8220;4.4.1&#8243; custom_padding=&#8220;0px|||||&#8220;][et_pb_column type=&#8220;1_5&#8243; _builder_version=&#8220;4.4.1&#8243;][\/et_pb_column][et_pb_column type=&#8220;3_5&#8243; _builder_version=&#8220;4.4.1&#8243;][et_pb_text _builder_version=&#8220;4.5.0&#8243; custom_margin=&#8220;40px||0px|||&#8220; hover_enabled=&#8220;0&#8243;]<p>#economyforfuture \u2022\u00a0#dometalk \u2022\u00a0#corona \u00a0<\/p>\n[\/et_pb_text][et_pb_post_title date_format=&#8220;j. M Y&#8220; categories=&#8220;off&#8220; comments=&#8220;off&#8220; featured_image=&#8220;off&#8220; _builder_version=&#8220;4.4.1&#8243; title_text_color=&#8220;#fdc41f&#8220; meta_font=&#8220;||on||||||&#8220; meta_text_color=&#8220;#4d5b61&#8243; custom_margin=&#8220;8px|||||&#8220;][\/et_pb_post_title][et_pb_text _builder_version=&#8220;4.5.0&#8243; custom_margin=&#8220;40px|||||&#8220;]<p>Im Mai 2020 demonstrierte Fridays for Future Vienna zwei Wochen lang vor dem Bundeskanzleramt. Die Forderung: Corona-Hilfspakete an die Klimaziele binden.<\/p>\n<p>Nachdem die Initiative <a href=\"http:\/\/www.publicsphere.eu\" target=\"_blank\" rel=\"noopener noreferrer\" title=\"European Public Sphere\u00a0\">European Public Sphere<\/a>, an der die Kreditinitiative beteiligt ist, wegen der Corona-Pandemie ihre Termine im Fr\u00fchjahr absagen musste, bot es sich an, das Camp for Future mit der Kuppel zu unterst\u00fctzen.\u00a0<\/p>[\/et_pb_text][et_pb_image src=&#8220;https:\/\/www.creditinitiative.eu\/wp-content\/uploads\/fff-dome-talks-2.jpg&#8220; title_text=&#8220;fff-dome-talks-2&#8243; _builder_version=&#8220;4.5.0&#8243; _module_preset=&#8220;default&#8220;][\/et_pb_image][et_pb_text _builder_version=&#8220;4.5.0&#8243; custom_margin=&#8220;24px|||||&#8220;]<p>Dem Auftakt am 21. Mai mit zwei Dome-Talks folgte unter dem Titel &#8222;Ideen f\u00fcr den Wandel&#8220; eine Reihe von &#8222;Kuppel-Workshops&#8220; an den vier Freitagen im Juni mit sieben weiteren Kuppelgespr\u00e4chen. Zwei davon auch zum Thema der Kreditinitiave.\u00a0<\/p>[\/et_pb_text][et_pb_video src=&#8220;https:\/\/youtu.be\/G3xcWLxhE2c&#8220; _builder_version=&#8220;4.5.0&#8243; _module_preset=&#8220;default&#8220;][\/et_pb_video][et_pb_text _builder_version=&#8220;4.5.0&#8243; _module_preset=&#8220;default&#8220; custom_margin=&#8220;-25px|||||&#8220;]<p><em>Dome-Talk am 21. Mai 2020 &#8222;Economy for Future&#8220;<\/em><\/p>[\/et_pb_text][et_pb_video src=&#8220;https:\/\/youtu.be\/bsAT3jYqoRI&#8220; _builder_version=&#8220;4.5.0&#8243; _module_preset=&#8220;default&#8220;][\/et_pb_video][et_pb_text _builder_version=&#8220;4.5.0&#8243; _module_preset=&#8220;default&#8220; custom_margin=&#8220;-25px|||||&#8220;]<p><em>Kuppel-Workshop zur Kreditinitiative am 5. Juni 2020 &#8222;Ideen f\u00fcr den Wandel&#8220;<\/em><\/p>[\/et_pb_text][et_pb_text _builder_version=&#8220;4.5.0&#8243; custom_margin=&#8220;24px|||||&#8220;]<p>Die weiteren Kuppel-Workshops &#8222;Ideen f\u00fcr den Wandel&#8220; waren zur komplement\u00e4ren Demokratie, zum Konzept der Gemeinwohl\u00f6konomie, zum bedinungslosen Grundeinkommen, zum Klimavolksbegehren, zu B\u00fcrgerr\u00e4ten und zu den Erfordernissen einer nachhaltigen Entwicklung. Die Gespr\u00e4che sind auch auf <a href=\"https:\/\/www.youtube.com\/playlist?list=PLJKZQlVPQ4kArcl5MXQHQGAF3B56N5rEH\" target=\"_blank\" rel=\"noopener noreferrer\" title=\"Ideen f\u00fcr den Wandel\">YouTube<\/a> zu finden.<\/p>[\/et_pb_text][\/et_pb_column][et_pb_column type=&#8220;1_5&#8243; _builder_version=&#8220;4.4.1&#8243;][\/et_pb_column][\/et_pb_row][\/et_pb_section][et_pb_section fb_built=&#8220;1&#8243; _builder_version=&#8220;3.28&#8243; custom_padding=&#8220;||0px|||&#8220;][et_pb_row _builder_version=&#8220;3.28&#8243; custom_margin=&#8220;-52px|auto||auto||&#8220;][et_pb_column type=&#8220;4_4&#8243; _builder_version=&#8220;3.28&#8243;][et_pb_divider color=&#8220;#4d5b61&#8243; divider_position=&#8220;center&#8220; _builder_version=&#8220;3.28&#8243; custom_margin=&#8220;16px||23px|||&#8220;][\/et_pb_divider][\/et_pb_column][\/et_pb_row][\/et_pb_section][et_pb_section fb_built=&#8220;1&#8243; _builder_version=&#8220;3.28&#8243; custom_margin=&#8220;-33px|||||&#8220; custom_padding=&#8220;68px|||||&#8220; global_module=&#8220;438&#8243; saved_tabs=&#8220;all&#8220;][et_pb_row column_structure=&#8220;1_3,1_3,1_3&#8243; _builder_version=&#8220;3.28&#8243; custom_margin=&#8220;-46px|auto|-1px|auto||&#8220; custom_padding=&#8220;0px||0px|||&#8220;][et_pb_column type=&#8220;1_3&#8243; _builder_version=&#8220;3.28&#8243;][et_pb_text _builder_version=&#8220;3.28&#8243; custom_margin=&#8220;12px||||false|false&#8220;]<p><span>Internationales Kulturzentrum Achberg e.V.<br \/> <\/span><span>Panoramastra\u00dfe 30<br \/> 88147 Achberg<br \/> DEUTSCHLAND <\/span><\/p>\n<p><span>+49 8380 500 <\/span><\/p>\n<p><span>IBAN: DE88 4306 0967 8233 3668 00<br \/> <\/span><span>GENODEM1GLS <\/span><\/p>\n<p><span><\/span><\/p>[\/et_pb_text][et_pb_text _builder_version=&#8220;3.28&#8243; custom_margin=&#8220;-12px||||false|false&#8220;]<p><span><a href=\"mailto:info@creditinitiative.eu \">info@creditinitiative.eu<br \/> <\/a><\/span><span><a href=\"http:\/\/www.creditinitiative.eu \">www.creditinitiative.eu<\/a><\/span><\/p>\n<p><span><\/span><\/p>\n<p><span><\/span><\/p>[\/et_pb_text][\/et_pb_column][et_pb_column type=&#8220;1_3&#8243; _builder_version=&#8220;3.28&#8243;][et_pb_text _builder_version=&#8220;3.28&#8243; custom_margin=&#8220;12px||||false|false&#8220;]<p><span>Initiativ-Gesellschaft EuroVision<br \/> <\/span><span>Brantinggasse 61<br \/> 1100 Wien<br \/> \u00d6STERREICH <\/span><\/p>\n<p><span>+43 650 941 32 64<\/span><\/p>\n<p><span>IBAN: AT09 6000 0000 9217 9671<br \/> BIC: OPSKATWW <\/span><\/p>\n<p><span><\/span><\/p>[\/et_pb_text][et_pb_text _builder_version=&#8220;3.28&#8243; custom_margin=&#8220;-12px||||false|false&#8220; custom_padding=&#8220;||||false|false&#8220;]<p><span><\/span><span style=\"font-size: 15px;\">Ansprechpersonen:<br \/> <\/span><span style=\"font-size: 15px;\">Gerhard Schuster und Daniel Schily<\/span><\/p>\n<p><span><\/span><\/p>[\/et_pb_text][\/et_pb_column][et_pb_column type=&#8220;1_3&#8243; _builder_version=&#8220;3.28&#8243;][et_pb_sidebar area=&#8220;et_pb_widget_area_1&#8243; show_border=&#8220;off&#8220; _builder_version=&#8220;3.28&#8243; custom_margin=&#8220;-18px|3px|||false|false&#8220;][\/et_pb_sidebar][\/et_pb_column][\/et_pb_row][et_pb_row column_structure=&#8220;3_5,2_5&#8243; _builder_version=&#8220;3.28&#8243; custom_margin=&#8220;-22px|auto|-57px|auto||&#8220; custom_padding=&#8220;||1px|||&#8220;][et_pb_column type=&#8220;3_5&#8243; _builder_version=&#8220;3.28&#8243;][et_pb_text _builder_version=&#8220;3.28&#8243; custom_margin=&#8220;-8px||||false|false&#8220;]<div>\n<p>\u00a9\u00a02020 | Internationales Kulturzentrum Achberg &amp; IG-EuroVision | <a href=\"\/impressum\" title=\"Impressum\">Impressum<\/a>\u00a0| <a href=\"\/datenschutz\" title=\"Datenschutz\">Datenschutz<\/a><\/p>\n<\/div>[\/et_pb_text][\/et_pb_column][et_pb_column type=&#8220;2_5&#8243; _builder_version=&#8220;3.28&#8243;][et_pb_text _builder_version=&#8220;4.4.0&#8243; transform_scale_last_edited=&#8220;off|desktop&#8220; transform_translate_last_edited=&#8220;off|desktop&#8220; transform_rotate_last_edited=&#8220;off|desktop&#8220; transform_skew_last_edited=&#8220;off|desktop&#8220; transform_origin_last_edited=&#8220;off|desktop&#8220; transform_styles_last_edited=&#8220;off|desktop&#8220; text_orientation=&#8220;right&#8220; custom_margin=&#8220;-10px||||false|false&#8220; text_font_size_tablet=&#8220;&#8220; text_font_size_phone=&#8220;7px&#8220; text_font_size_last_edited=&#8220;on|phone&#8220; text_orientation_tablet=&#8220;&#8220; text_orientation_phone=&#8220;left&#8220; text_orientation_last_edited=&#8220;on|phone&#8220;]<p><a href=\"https:\/\/www.facebook.com\/credit.initiative\" target=\"_blank\" rel=\"noopener noreferrer\"><img loading=\"lazy\" decoding=\"async\" src=\"https:\/\/www.creditinitiative.eu\/wp-content\/uploads\/facebook.png\" width=\"88\" height=\"23\" alt=\"\" class=\"wp-image-65 alignnone size-full\" \/><\/a>\u00a0 \u00a0 \u00a0<a href=\"https:\/\/twitter.com\/credit_eci\" target=\"_blank\" rel=\"noopener noreferrer\" title=\"Twitter\"><img loading=\"lazy\" decoding=\"async\" src=\"https:\/\/www.creditinitiative.eu\/wp-content\/uploads\/twitter.png\" width=\"27\" height=\"22\" alt=\"\" class=\"wp-image-83 alignnone size-full\" \/><\/a> \u00a0 \u00a0 \u00a0<a href=\"http:\/\/www.youtube.com\/c\/europe2019net\" target=\"_blank\" rel=\"noopener noreferrer\" title=\"YouTube\"><img loading=\"lazy\" decoding=\"async\" src=\"https:\/\/www.creditinitiative.eu\/wp-content\/uploads\/youtube.png\" width=\"53\" height=\"22\" alt=\"\" class=\"wp-image-85 alignnone size-full\" \/><\/a>\u00a0 \u00a0 \u00a0\u00a0<a href=\"https:\/\/soundcloud.com\/credit-initiative\" target=\"_blank\" rel=\"noopener noreferrer\" title=\"Soundcloud\"><img loading=\"lazy\" decoding=\"async\" src=\"https:\/\/www.creditinitiative.eu\/wp-content\/uploads\/soundcloud.png\" width=\"37\" height=\"21\" alt=\"\" class=\"wp-image-81 alignnone size-full\" \/><\/a>\u00a0 \u00a0 \u00a0\u00a0<a href=\"https:\/\/www.flickr.com\/photos\/europe2019\" target=\"_blank\" rel=\"noopener noreferrer\" title=\"Flickr\"><img loading=\"lazy\" decoding=\"async\" src=\"https:\/\/www.creditinitiative.eu\/wp-content\/uploads\/flickr.png\" width=\"64\" height=\"19\" alt=\"\" class=\"wp-image-67 alignnone size-full\" \/><\/a><\/p>[\/et_pb_text][\/et_pb_column][\/et_pb_row][\/et_pb_section]\n","protected":false},"excerpt":{"rendered":"<p>Mai und Juni waren wir an einer Reihe von Dome-Talks mit Fridays for Future in Wien beteiligt \u2013 hier die Videos!<\/p>\n","protected":false},"author":1,"featured_media":1021,"comment_status":"closed","ping_status":"closed","sticky":false,"template":"","format":"standard","meta":{"_et_pb_use_builder":"on","_et_pb_old_content":"","_et_gb_content_width":"1080","footnotes":"","_links_to":"","_links_to_target":""},"categories":[18,23],"tags":[],"class_list":["post-1018","post","type-post","status-publish","format-standard","has-post-thumbnail","hentry","category-bericht","category-video"],"_links":{"self":[{"href":"https:\/\/www.creditinitiative.eu\/de\/wp-json\/wp\/v2\/posts\/1018","targetHints":{"allow":["GET"]}}],"collection":[{"href":"https:\/\/www.creditinitiative.eu\/de\/wp-json\/wp\/v2\/posts"}],"about":[{"href":"https:\/\/www.creditinitiative.eu\/de\/wp-json\/wp\/v2\/types\/post"}],"author":[{"embeddable":true,"href":"https:\/\/www.creditinitiative.eu\/de\/wp-json\/wp\/v2\/users\/1"}],"replies":[{"embeddable":true,"href":"https:\/\/www.creditinitiative.eu\/de\/wp-json\/wp\/v2\/comments?post=1018"}],"version-history":[{"count":11,"href":"https:\/\/www.creditinitiative.eu\/de\/wp-json\/wp\/v2\/posts\/1018\/revisions"}],"predecessor-version":[{"id":1270,"href":"https:\/\/www.creditinitiative.eu\/de\/wp-json\/wp\/v2\/posts\/1018\/revisions\/1270"}],"wp:featuredmedia":[{"embeddable":true,"href":"https:\/\/www.creditinitiative.eu\/de\/wp-json\/wp\/v2\/media\/1021"}],"wp:attachment":[{"href":"https:\/\/www.creditinitiative.eu\/de\/wp-json\/wp\/v2\/media?parent=1018"}],"wp:term":[{"taxonomy":"category","embeddable":true,"href":"https:\/\/www.creditinitiative.eu\/de\/wp-json\/wp\/v2\/categories?post=1018"},{"taxonomy":"post_tag","embeddable":true,"href":"https:\/\/www.creditinitiative.eu\/de\/wp-json\/wp\/v2\/tags?post=1018"}],"curies":[{"name":"wp","href":"https:\/\/api.w.org\/{rel}","templated":true}]}}